{"id":1048,"date":"2021-04-22T20:52:40","date_gmt":"2021-04-22T18:52:40","guid":{"rendered":"http:\/\/creches-vic-andrest.com\/?p=1048"},"modified":"2021-04-22T20:55:53","modified_gmt":"2021-04-22T18:55:53","slug":"les-petits-loups-reprennent-leur-balade","status":"publish","type":"post","link":"https:\/\/creches-vic-andrest.com\/index.php\/2021\/04\/22\/les-petits-loups-reprennent-leur-balade\/","title":{"rendered":"les Petits Loups reprennent leur balade"},"content":{"rendered":"<p><img loading=\"lazy\" decoding=\"async\" class=\"size-medium wp-image-1050 aligncenter\" src=\"https:\/\/creches-vic-andrest.com\/wp-content\/uploads\/2021\/04\/LAEP-300x169.jpg\" alt=\"\" width=\"300\" height=\"169\" srcset=\"https:\/\/creches-vic-andrest.com\/wp-content\/uploads\/2021\/04\/LAEP-300x169.jpg 300w, https:\/\/creches-vic-andrest.com\/wp-content\/uploads\/2021\/04\/LAEP-768x434.jpg 768w, https:\/\/creches-vic-andrest.com\/wp-content\/uploads\/2021\/04\/LAEP-150x85.jpg 150w, https:\/\/creches-vic-andrest.com\/wp-content\/uploads\/2021\/04\/LAEP-212x120.jpg 212w, https:\/\/creches-vic-andrest.com\/wp-content\/uploads\/2021\/04\/LAEP.jpg 885w\" sizes=\"auto, (max-width: 300px) 100vw, 300px\" \/><\/p>\n<p>Certes l\u2019\u00e9tape est unique avec l\u2019accueil hebdomadaire du mercredi matin dans les locaux du RAM qui jouxte la cr\u00e8che des Petits Loups au 67, rue Fran\u00e7oise Dolto \u00e0 Vic. Pour autant, en cette p\u00e9riode de confinement doubl\u00e9 des vacances de printemps, le lieu d\u2019accueil enfants parents (LAEP) a ouvert ses portes (toujours dans le respect des gestes barri\u00e8res imp\u00e9ratifs dans le contexte sanitaire). Cette action de la cr\u00e8che plus identifi\u00e9e sous la banni\u00e8re \u00ab\u00a0Petits Loups en Balade\u00a0\u00bb accueille sans inscription n\u00e9cessaire pr\u00e9alable les enfants de moins de 6 ans avec un parent ou un adulte familier. Pour m\u00e9moire, l\u2019objectif du LAEP : socialisation et \u00e9veil de l\u2019enfant, et sur le mode \u00e9changes informels et convivialit\u00e9 des conseils entre parents s\u2019ils le souhaitent. Ce mercredi 21 avril nouvelle s\u00e9ance donc de 9 h \u00e0 11 h 30.<\/p>\n<div class=\"separator\">\n<div id=\"teads\" style=\"text-align: right;\"><span style=\"color: #333333;\"><em>Josiane POMES &#8211; Cr\u00e9dit Photo DDM<\/em><\/span><\/div>\n<footer><\/footer>\n<footer class=\"txt-note\">Contact t\u00e9l\u00e9phonique 06.<a href=\"http:\/\/31.41.17.96\/\" target=\"_blank\" rel=\"nofollow noopener noreferrer\">31.41.17.96<\/a>. Coordonn\u00e9es informatiques (<a href=\"mailto:lespetitsloups5@orange.fr\">lespetitsloups5@orange.fr<\/a>). Pages informatique du site (<a href=\"https:\/\/creches-vic-andrest.com\/\" target=\"_blank\" rel=\"nofollow noopener noreferrer\">creches-vic-andrest.com\/<\/a>).<\/footer>\n<\/div>\n","protected":false},"excerpt":{"rendered":"<p>Certes l\u2019\u00e9tape est unique avec l\u2019accueil hebdomadaire du mercredi matin dans les locaux du RAM qui jouxte la cr\u00e8che des Petits Loups au 67, rue Fran\u00e7oise Dolto \u00e0 Vic. Pour&#8230;<\/p>\n<p> <a class=\"continue-reading-link\" href=\"https:\/\/creches-vic-andrest.com\/index.php\/2021\/04\/22\/les-petits-loups-reprennent-leur-balade\/\"><span>LIRE LA SUITE<\/span><i class=\"crycon-right-dir\"><\/i><\/a> <\/p>\n","protected":false},"author":1,"featured_media":720,"comment_status":"closed","ping_status":"closed","sticky":false,"template":"","format":"standard","meta":{"_jetpack_memberships_contains_paid_content":false,"footnotes":""},"categories":[12],"tags":[],"class_list":["post-1048","post","type-post","status-publish","format-standard","has-post-thumbnail","hentry","category-laep"],"jetpack_featured_media_url":"https:\/\/creches-vic-andrest.com\/wp-content\/uploads\/2020\/12\/DMD.png","jetpack_sharing_enabled":true,"_links":{"self":[{"href":"https:\/\/creches-vic-andrest.com\/index.php\/wp-json\/wp\/v2\/posts\/1048","targetHints":{"allow":["GET"]}}],"collection":[{"href":"https:\/\/creches-vic-andrest.com\/index.php\/wp-json\/wp\/v2\/posts"}],"about":[{"href":"https:\/\/creches-vic-andrest.com\/index.php\/wp-json\/wp\/v2\/types\/post"}],"author":[{"embeddable":true,"href":"https:\/\/creches-vic-andrest.com\/index.php\/wp-json\/wp\/v2\/users\/1"}],"replies":[{"embeddable":true,"href":"https:\/\/creches-vic-andrest.com\/index.php\/wp-json\/wp\/v2\/comments?post=1048"}],"version-history":[{"count":2,"href":"https:\/\/creches-vic-andrest.com\/index.php\/wp-json\/wp\/v2\/posts\/1048\/revisions"}],"predecessor-version":[{"id":1051,"href":"https:\/\/creches-vic-andrest.com\/index.php\/wp-json\/wp\/v2\/posts\/1048\/revisions\/1051"}],"wp:featuredmedia":[{"embeddable":true,"href":"https:\/\/creches-vic-andrest.com\/index.php\/wp-json\/wp\/v2\/media\/720"}],"wp:attachment":[{"href":"https:\/\/creches-vic-andrest.com\/index.php\/wp-json\/wp\/v2\/media?parent=1048"}],"wp:term":[{"taxonomy":"category","embeddable":true,"href":"https:\/\/creches-vic-andrest.com\/index.php\/wp-json\/wp\/v2\/categories?post=1048"},{"taxonomy":"post_tag","embeddable":true,"href":"https:\/\/creches-vic-andrest.com\/index.php\/wp-json\/wp\/v2\/tags?post=1048"}],"curies":[{"name":"wp","href":"https:\/\/api.w.org\/{rel}","templated":true}]}}