{"id":15151,"date":"2025-01-06T14:40:20","date_gmt":"2025-01-06T13:40:20","guid":{"rendered":"http:\/\/creches-vic-andrest.com\/?p=15151"},"modified":"2025-01-06T14:40:20","modified_gmt":"2025-01-06T13:40:20","slug":"octobre-rose-aux-petits-loups","status":"publish","type":"post","link":"https:\/\/creches-vic-andrest.com\/index.php\/2025\/01\/06\/octobre-rose-aux-petits-loups\/","title":{"rendered":"Octobre rose aux Petits Loups"},"content":{"rendered":"<p><img loading=\"lazy\" decoding=\"async\" class=\"alignnone size-medium wp-image-15152\" src=\"https:\/\/creches-vic-andrest.com\/wp-content\/uploads\/2024\/10\/PXL_20241011_103635302-300x226.jpg\" alt=\"\" width=\"300\" height=\"226\" srcset=\"https:\/\/creches-vic-andrest.com\/wp-content\/uploads\/2024\/10\/PXL_20241011_103635302-300x226.jpg 300w, https:\/\/creches-vic-andrest.com\/wp-content\/uploads\/2024\/10\/PXL_20241011_103635302-1024x771.jpg 1024w, https:\/\/creches-vic-andrest.com\/wp-content\/uploads\/2024\/10\/PXL_20241011_103635302-768x578.jpg 768w, https:\/\/creches-vic-andrest.com\/wp-content\/uploads\/2024\/10\/PXL_20241011_103635302-1536x1157.jpg 1536w, https:\/\/creches-vic-andrest.com\/wp-content\/uploads\/2024\/10\/PXL_20241011_103635302-2048x1542.jpg 2048w, https:\/\/creches-vic-andrest.com\/wp-content\/uploads\/2024\/10\/PXL_20241011_103635302-150x113.jpg 150w, https:\/\/creches-vic-andrest.com\/wp-content\/uploads\/2024\/10\/PXL_20241011_103635302-159x120.jpg 159w\" sizes=\"auto, (max-width: 300px) 100vw, 300px\" \/><\/p>\n<p>Le vendredi 11 octobre, l&rsquo;\u00e9quipe de la cr\u00e8che des Petits Loups ainsi que l&rsquo;ensemble des enfants de la structure petits ou grands ont rev\u00e9tu le rose afin de soutenir les femmes ayant un lien pass\u00e9 ou pr\u00e9sent avec le cancer du sein.<\/p>\n<p>Rappel:<\/p>\n<p><span class=\"NA6bn c3biWd UiGGAb ILfuVd\" lang=\"fr\"><span class=\"hgKElc\">Chaque ann\u00e9e, le mois d&rsquo;octobre se pare de rose pour <b>sensibiliser la population au cancer du sein et \u00e0 l&rsquo;importance du d\u00e9pistage, \u00e0 tout \u00e2ge<\/b>. C&rsquo;est \u00e9galement l&rsquo;occasion d&rsquo;intensifier les efforts de recherche dans la lutte contre cette maladie d\u00e9vastatrice. 1 femme sur 8 est concern\u00e9e par le cancer du sein.<\/span><\/span><\/p>\n<p>&nbsp;<\/p>\n","protected":false},"excerpt":{"rendered":"<p>Le vendredi 11 octobre, l&rsquo;\u00e9quipe de la cr\u00e8che des Petits Loups ainsi que l&rsquo;ensemble des enfants de la structure petits ou grands ont rev\u00e9tu le rose afin de soutenir les&#8230;<\/p>\n<p> <a class=\"continue-reading-link\" href=\"https:\/\/creches-vic-andrest.com\/index.php\/2025\/01\/06\/octobre-rose-aux-petits-loups\/\"><span>LIRE LA SUITE<\/span><i class=\"crycon-right-dir\"><\/i><\/a> <\/p>\n","protected":false},"author":2,"featured_media":0,"comment_status":"closed","ping_status":"closed","sticky":false,"template":"","format":"standard","meta":{"_jetpack_memberships_contains_paid_content":false,"footnotes":""},"categories":[10],"tags":[],"class_list":["post-15151","post","type-post","status-publish","format-standard","hentry","category-petits-loups"],"jetpack_featured_media_url":"","jetpack_sharing_enabled":true,"_links":{"self":[{"href":"https:\/\/creches-vic-andrest.com\/index.php\/wp-json\/wp\/v2\/posts\/15151","targetHints":{"allow":["GET"]}}],"collection":[{"href":"https:\/\/creches-vic-andrest.com\/index.php\/wp-json\/wp\/v2\/posts"}],"about":[{"href":"https:\/\/creches-vic-andrest.com\/index.php\/wp-json\/wp\/v2\/types\/post"}],"author":[{"embeddable":true,"href":"https:\/\/creches-vic-andrest.com\/index.php\/wp-json\/wp\/v2\/users\/2"}],"replies":[{"embeddable":true,"href":"https:\/\/creches-vic-andrest.com\/index.php\/wp-json\/wp\/v2\/comments?post=15151"}],"version-history":[{"count":1,"href":"https:\/\/creches-vic-andrest.com\/index.php\/wp-json\/wp\/v2\/posts\/15151\/revisions"}],"predecessor-version":[{"id":15942,"href":"https:\/\/creches-vic-andrest.com\/index.php\/wp-json\/wp\/v2\/posts\/15151\/revisions\/15942"}],"wp:attachment":[{"href":"https:\/\/creches-vic-andrest.com\/index.php\/wp-json\/wp\/v2\/media?parent=15151"}],"wp:term":[{"taxonomy":"category","embeddable":true,"href":"https:\/\/creches-vic-andrest.com\/index.php\/wp-json\/wp\/v2\/categories?post=15151"},{"taxonomy":"post_tag","embeddable":true,"href":"https:\/\/creches-vic-andrest.com\/index.php\/wp-json\/wp\/v2\/tags?post=15151"}],"curies":[{"name":"wp","href":"https:\/\/api.w.org\/{rel}","templated":true}]}}