{"id":15288,"date":"2024-12-09T10:12:00","date_gmt":"2024-12-09T09:12:00","guid":{"rendered":"https:\/\/creches-vic-andrest.com\/?p=15288"},"modified":"2024-12-09T10:12:00","modified_gmt":"2024-12-09T09:12:00","slug":"journee-sans-jouets-au-canalous","status":"publish","type":"post","link":"https:\/\/creches-vic-andrest.com\/index.php\/2024\/12\/09\/journee-sans-jouets-au-canalous\/","title":{"rendered":"Journ\u00e9e sans jouets au Canalous."},"content":{"rendered":"<p><img loading=\"lazy\" decoding=\"async\" class=\"alignnone size-medium wp-image-15597\" src=\"https:\/\/creches-vic-andrest.com\/wp-content\/uploads\/2024\/11\/DSCF1004-300x225.jpg\" alt=\"\" width=\"300\" height=\"225\" srcset=\"https:\/\/creches-vic-andrest.com\/wp-content\/uploads\/2024\/11\/DSCF1004-300x225.jpg 300w, https:\/\/creches-vic-andrest.com\/wp-content\/uploads\/2024\/11\/DSCF1004-1024x768.jpg 1024w, https:\/\/creches-vic-andrest.com\/wp-content\/uploads\/2024\/11\/DSCF1004-768x576.jpg 768w, https:\/\/creches-vic-andrest.com\/wp-content\/uploads\/2024\/11\/DSCF1004-1536x1152.jpg 1536w, https:\/\/creches-vic-andrest.com\/wp-content\/uploads\/2024\/11\/DSCF1004-2048x1536.jpg 2048w, https:\/\/creches-vic-andrest.com\/wp-content\/uploads\/2024\/11\/DSCF1004-150x113.jpg 150w, https:\/\/creches-vic-andrest.com\/wp-content\/uploads\/2024\/11\/DSCF1004-160x120.jpg 160w\" sizes=\"auto, (max-width: 300px) 100vw, 300px\" \/> <img loading=\"lazy\" decoding=\"async\" class=\"alignnone size-medium wp-image-15598\" src=\"https:\/\/creches-vic-andrest.com\/wp-content\/uploads\/2024\/11\/DSCF1016--225x300.jpg\" alt=\"\" width=\"225\" height=\"300\" srcset=\"https:\/\/creches-vic-andrest.com\/wp-content\/uploads\/2024\/11\/DSCF1016--225x300.jpg 225w, https:\/\/creches-vic-andrest.com\/wp-content\/uploads\/2024\/11\/DSCF1016--768x1024.jpg 768w, https:\/\/creches-vic-andrest.com\/wp-content\/uploads\/2024\/11\/DSCF1016--1152x1536.jpg 1152w, https:\/\/creches-vic-andrest.com\/wp-content\/uploads\/2024\/11\/DSCF1016--1536x2048.jpg 1536w, https:\/\/creches-vic-andrest.com\/wp-content\/uploads\/2024\/11\/DSCF1016--113x150.jpg 113w, https:\/\/creches-vic-andrest.com\/wp-content\/uploads\/2024\/11\/DSCF1016--90x120.jpg 90w, https:\/\/creches-vic-andrest.com\/wp-content\/uploads\/2024\/11\/DSCF1016--scaled.jpg 1920w\" sizes=\"auto, (max-width: 225px) 100vw, 225px\" \/> <img loading=\"lazy\" decoding=\"async\" class=\"alignnone size-medium wp-image-15599\" src=\"https:\/\/creches-vic-andrest.com\/wp-content\/uploads\/2024\/11\/DSCF1017-254x300.jpg\" alt=\"\" width=\"254\" height=\"300\" srcset=\"https:\/\/creches-vic-andrest.com\/wp-content\/uploads\/2024\/11\/DSCF1017-254x300.jpg 254w, https:\/\/creches-vic-andrest.com\/wp-content\/uploads\/2024\/11\/DSCF1017-867x1024.jpg 867w, https:\/\/creches-vic-andrest.com\/wp-content\/uploads\/2024\/11\/DSCF1017-768x908.jpg 768w, https:\/\/creches-vic-andrest.com\/wp-content\/uploads\/2024\/11\/DSCF1017-1300x1536.jpg 1300w, https:\/\/creches-vic-andrest.com\/wp-content\/uploads\/2024\/11\/DSCF1017-1733x2048.jpg 1733w, https:\/\/creches-vic-andrest.com\/wp-content\/uploads\/2024\/11\/DSCF1017-127x150.jpg 127w, https:\/\/creches-vic-andrest.com\/wp-content\/uploads\/2024\/11\/DSCF1017-102x120.jpg 102w\" sizes=\"auto, (max-width: 254px) 100vw, 254px\" \/> <img loading=\"lazy\" decoding=\"async\" class=\"alignnone size-medium wp-image-15600\" src=\"https:\/\/creches-vic-andrest.com\/wp-content\/uploads\/2024\/11\/DSCF1023-225x300.jpg\" alt=\"\" width=\"225\" height=\"300\" srcset=\"https:\/\/creches-vic-andrest.com\/wp-content\/uploads\/2024\/11\/DSCF1023-225x300.jpg 225w, https:\/\/creches-vic-andrest.com\/wp-content\/uploads\/2024\/11\/DSCF1023-768x1024.jpg 768w, https:\/\/creches-vic-andrest.com\/wp-content\/uploads\/2024\/11\/DSCF1023-1152x1536.jpg 1152w, https:\/\/creches-vic-andrest.com\/wp-content\/uploads\/2024\/11\/DSCF1023-1536x2048.jpg 1536w, https:\/\/creches-vic-andrest.com\/wp-content\/uploads\/2024\/11\/DSCF1023-113x150.jpg 113w, https:\/\/creches-vic-andrest.com\/wp-content\/uploads\/2024\/11\/DSCF1023-90x120.jpg 90w, https:\/\/creches-vic-andrest.com\/wp-content\/uploads\/2024\/11\/DSCF1023-scaled.jpg 1920w\" sizes=\"auto, (max-width: 225px) 100vw, 225px\" \/><\/p>\n<p>&nbsp;<\/p>\n<p>Une fois par mois \u00e0 la cr\u00e8che les Canalous, on propose des temps de jeu sans jeux.<\/p>\n<p>Qu\u2019elle surprise d&rsquo;arriv\u00e9e dans un lieu connu d\u00e9pourvu des jouets habituels.<\/p>\n<p>Ce sont g\u00e9n\u00e9ralement des m\u00e2tin\u00e9es cartons et des apr\u00e8s midi \u00e0 l\u2019ext\u00e9rieur.<\/p>\n<p>Ces temps sont favorables \u00e0 la cr\u00e9ation de liens, cela permet de se reconnecter \u00e0 l&rsquo;essentiel, ce sont aussi des moments de partage o\u00f9 l&rsquo;on casse la routine, ou l\u2019on travaille l \u0301autonomie ainsi que l&rsquo;imaginaire.<\/p>\n<p>L&rsquo;\u00e9quipe a une posture d&rsquo;observation dans le jeu de l&rsquo;enfant, elle n&rsquo;interf\u00e8re pas mais\u00a0 accompagne. Chaque journ\u00e9e est diff\u00e9rente selon les groupes.<\/p>\n<p><img loading=\"lazy\" decoding=\"async\" class=\"alignnone size-medium wp-image-15601\" src=\"https:\/\/creches-vic-andrest.com\/wp-content\/uploads\/2024\/12\/DSCF0994--300x225.jpg\" alt=\"\" width=\"300\" height=\"225\" srcset=\"https:\/\/creches-vic-andrest.com\/wp-content\/uploads\/2024\/12\/DSCF0994--300x225.jpg 300w, https:\/\/creches-vic-andrest.com\/wp-content\/uploads\/2024\/12\/DSCF0994--1024x768.jpg 1024w, https:\/\/creches-vic-andrest.com\/wp-content\/uploads\/2024\/12\/DSCF0994--768x576.jpg 768w, https:\/\/creches-vic-andrest.com\/wp-content\/uploads\/2024\/12\/DSCF0994--1536x1152.jpg 1536w, https:\/\/creches-vic-andrest.com\/wp-content\/uploads\/2024\/12\/DSCF0994--2048x1536.jpg 2048w, https:\/\/creches-vic-andrest.com\/wp-content\/uploads\/2024\/12\/DSCF0994--150x113.jpg 150w, https:\/\/creches-vic-andrest.com\/wp-content\/uploads\/2024\/12\/DSCF0994--160x120.jpg 160w\" sizes=\"auto, (max-width: 300px) 100vw, 300px\" \/> <img loading=\"lazy\" decoding=\"async\" class=\"alignnone size-medium wp-image-15602\" src=\"https:\/\/creches-vic-andrest.com\/wp-content\/uploads\/2024\/12\/DSCF1006-300x225.jpg\" alt=\"\" width=\"300\" height=\"225\" srcset=\"https:\/\/creches-vic-andrest.com\/wp-content\/uploads\/2024\/12\/DSCF1006-300x225.jpg 300w, https:\/\/creches-vic-andrest.com\/wp-content\/uploads\/2024\/12\/DSCF1006-1024x768.jpg 1024w, https:\/\/creches-vic-andrest.com\/wp-content\/uploads\/2024\/12\/DSCF1006-768x576.jpg 768w, https:\/\/creches-vic-andrest.com\/wp-content\/uploads\/2024\/12\/DSCF1006-1536x1152.jpg 1536w, https:\/\/creches-vic-andrest.com\/wp-content\/uploads\/2024\/12\/DSCF1006-2048x1536.jpg 2048w, https:\/\/creches-vic-andrest.com\/wp-content\/uploads\/2024\/12\/DSCF1006-150x113.jpg 150w, https:\/\/creches-vic-andrest.com\/wp-content\/uploads\/2024\/12\/DSCF1006-160x120.jpg 160w\" sizes=\"auto, (max-width: 300px) 100vw, 300px\" \/> <img loading=\"lazy\" decoding=\"async\" class=\"alignnone size-medium wp-image-15603\" src=\"https:\/\/creches-vic-andrest.com\/wp-content\/uploads\/2024\/12\/thumbnail_image_67168513-225x300.jpg\" alt=\"\" width=\"225\" height=\"300\" srcset=\"https:\/\/creches-vic-andrest.com\/wp-content\/uploads\/2024\/12\/thumbnail_image_67168513-225x300.jpg 225w, https:\/\/creches-vic-andrest.com\/wp-content\/uploads\/2024\/12\/thumbnail_image_67168513-768x1024.jpg 768w, https:\/\/creches-vic-andrest.com\/wp-content\/uploads\/2024\/12\/thumbnail_image_67168513-1152x1536.jpg 1152w, https:\/\/creches-vic-andrest.com\/wp-content\/uploads\/2024\/12\/thumbnail_image_67168513-113x150.jpg 113w, https:\/\/creches-vic-andrest.com\/wp-content\/uploads\/2024\/12\/thumbnail_image_67168513-90x120.jpg 90w, https:\/\/creches-vic-andrest.com\/wp-content\/uploads\/2024\/12\/thumbnail_image_67168513.jpg 1440w\" sizes=\"auto, (max-width: 225px) 100vw, 225px\" \/><\/p>\n<p>&nbsp;<\/p>\n<p>&nbsp;<\/p>\n","protected":false},"excerpt":{"rendered":"<p>&nbsp; Une fois par mois \u00e0 la cr\u00e8che les Canalous, on propose des temps de jeu sans jeux. Qu\u2019elle surprise d&rsquo;arriv\u00e9e dans un lieu connu d\u00e9pourvu des jouets habituels. Ce&#8230;<\/p>\n<p> <a class=\"continue-reading-link\" href=\"https:\/\/creches-vic-andrest.com\/index.php\/2024\/12\/09\/journee-sans-jouets-au-canalous\/\"><span>LIRE LA SUITE<\/span><i class=\"crycon-right-dir\"><\/i><\/a> <\/p>\n","protected":false},"author":4,"featured_media":0,"comment_status":"closed","ping_status":"closed","sticky":false,"template":"","format":"standard","meta":{"_jetpack_memberships_contains_paid_content":false,"footnotes":""},"categories":[11],"tags":[],"class_list":["post-15288","post","type-post","status-publish","format-standard","hentry","category-canalous"],"jetpack_featured_media_url":"","jetpack_sharing_enabled":true,"_links":{"self":[{"href":"https:\/\/creches-vic-andrest.com\/index.php\/wp-json\/wp\/v2\/posts\/15288","targetHints":{"allow":["GET"]}}],"collection":[{"href":"https:\/\/creches-vic-andrest.com\/index.php\/wp-json\/wp\/v2\/posts"}],"about":[{"href":"https:\/\/creches-vic-andrest.com\/index.php\/wp-json\/wp\/v2\/types\/post"}],"author":[{"embeddable":true,"href":"https:\/\/creches-vic-andrest.com\/index.php\/wp-json\/wp\/v2\/users\/4"}],"replies":[{"embeddable":true,"href":"https:\/\/creches-vic-andrest.com\/index.php\/wp-json\/wp\/v2\/comments?post=15288"}],"version-history":[{"count":3,"href":"https:\/\/creches-vic-andrest.com\/index.php\/wp-json\/wp\/v2\/posts\/15288\/revisions"}],"predecessor-version":[{"id":15604,"href":"https:\/\/creches-vic-andrest.com\/index.php\/wp-json\/wp\/v2\/posts\/15288\/revisions\/15604"}],"wp:attachment":[{"href":"https:\/\/creches-vic-andrest.com\/index.php\/wp-json\/wp\/v2\/media?parent=15288"}],"wp:term":[{"taxonomy":"category","embeddable":true,"href":"https:\/\/creches-vic-andrest.com\/index.php\/wp-json\/wp\/v2\/categories?post=15288"},{"taxonomy":"post_tag","embeddable":true,"href":"https:\/\/creches-vic-andrest.com\/index.php\/wp-json\/wp\/v2\/tags?post=15288"}],"curies":[{"name":"wp","href":"https:\/\/api.w.org\/{rel}","templated":true}]}}