{"id":15605,"date":"2024-12-10T10:54:26","date_gmt":"2024-12-10T09:54:26","guid":{"rendered":"http:\/\/creches-vic-andrest.com\/?p=15605"},"modified":"2024-12-10T10:54:26","modified_gmt":"2024-12-10T09:54:26","slug":"mediatheque-dandrest-pour-la-micro-creche-les-canalous","status":"publish","type":"post","link":"https:\/\/creches-vic-andrest.com\/index.php\/2024\/12\/10\/mediatheque-dandrest-pour-la-micro-creche-les-canalous\/","title":{"rendered":"M\u00e9diath\u00e8que d&rsquo;Andrest Pour la Micro Cr\u00e8che les Canalous"},"content":{"rendered":"<p><img loading=\"lazy\" decoding=\"async\" class=\"alignnone size-medium wp-image-15618\" src=\"https:\/\/creches-vic-andrest.com\/wp-content\/uploads\/2024\/12\/20241210_085643-300x201.jpg\" alt=\"\" width=\"300\" height=\"201\" srcset=\"https:\/\/creches-vic-andrest.com\/wp-content\/uploads\/2024\/12\/20241210_085643-300x201.jpg 300w, https:\/\/creches-vic-andrest.com\/wp-content\/uploads\/2024\/12\/20241210_085643-1024x685.jpg 1024w, https:\/\/creches-vic-andrest.com\/wp-content\/uploads\/2024\/12\/20241210_085643-768x514.jpg 768w, https:\/\/creches-vic-andrest.com\/wp-content\/uploads\/2024\/12\/20241210_085643-1536x1028.jpg 1536w, https:\/\/creches-vic-andrest.com\/wp-content\/uploads\/2024\/12\/20241210_085643-2048x1371.jpg 2048w, https:\/\/creches-vic-andrest.com\/wp-content\/uploads\/2024\/12\/20241210_085643-150x100.jpg 150w, https:\/\/creches-vic-andrest.com\/wp-content\/uploads\/2024\/12\/20241210_085643-179x120.jpg 179w\" sizes=\"auto, (max-width: 300px) 100vw, 300px\" \/><\/p>\n<p>Nous avons repris nos sorties \u00e0 la m\u00e9diath\u00e8que d&rsquo;Andrest. Merci \u00e0 Celine pour ses petites histoires sur No\u00ebl .<\/p>\n<p><img loading=\"lazy\" decoding=\"async\" class=\"alignnone size-medium wp-image-15619\" src=\"https:\/\/creches-vic-andrest.com\/wp-content\/uploads\/2024\/12\/20241206_100422-263x300.jpg\" alt=\"\" width=\"263\" height=\"300\" srcset=\"https:\/\/creches-vic-andrest.com\/wp-content\/uploads\/2024\/12\/20241206_100422-263x300.jpg 263w, https:\/\/creches-vic-andrest.com\/wp-content\/uploads\/2024\/12\/20241206_100422-898x1024.jpg 898w, https:\/\/creches-vic-andrest.com\/wp-content\/uploads\/2024\/12\/20241206_100422-768x876.jpg 768w, https:\/\/creches-vic-andrest.com\/wp-content\/uploads\/2024\/12\/20241206_100422-1347x1536.jpg 1347w, https:\/\/creches-vic-andrest.com\/wp-content\/uploads\/2024\/12\/20241206_100422-1795x2048.jpg 1795w, https:\/\/creches-vic-andrest.com\/wp-content\/uploads\/2024\/12\/20241206_100422-132x150.jpg 132w, https:\/\/creches-vic-andrest.com\/wp-content\/uploads\/2024\/12\/20241206_100422-105x120.jpg 105w\" sizes=\"auto, (max-width: 263px) 100vw, 263px\" \/><\/p>\n<p><img loading=\"lazy\" decoding=\"async\" class=\"alignnone size-medium wp-image-15620\" src=\"https:\/\/creches-vic-andrest.com\/wp-content\/uploads\/2024\/12\/20241206_100522-225x300.jpg\" alt=\"\" width=\"225\" height=\"300\" srcset=\"https:\/\/creches-vic-andrest.com\/wp-content\/uploads\/2024\/12\/20241206_100522-225x300.jpg 225w, https:\/\/creches-vic-andrest.com\/wp-content\/uploads\/2024\/12\/20241206_100522-768x1024.jpg 768w, https:\/\/creches-vic-andrest.com\/wp-content\/uploads\/2024\/12\/20241206_100522-1152x1536.jpg 1152w, https:\/\/creches-vic-andrest.com\/wp-content\/uploads\/2024\/12\/20241206_100522-1536x2048.jpg 1536w, https:\/\/creches-vic-andrest.com\/wp-content\/uploads\/2024\/12\/20241206_100522-113x150.jpg 113w, https:\/\/creches-vic-andrest.com\/wp-content\/uploads\/2024\/12\/20241206_100522-90x120.jpg 90w, https:\/\/creches-vic-andrest.com\/wp-content\/uploads\/2024\/12\/20241206_100522-scaled.jpg 1920w\" sizes=\"auto, (max-width: 225px) 100vw, 225px\" \/> <img loading=\"lazy\" decoding=\"async\" class=\"alignnone size-medium wp-image-15621\" src=\"https:\/\/creches-vic-andrest.com\/wp-content\/uploads\/2024\/12\/20241206_102136-300x225.jpg\" alt=\"\" width=\"300\" height=\"225\" srcset=\"https:\/\/creches-vic-andrest.com\/wp-content\/uploads\/2024\/12\/20241206_102136-300x225.jpg 300w, https:\/\/creches-vic-andrest.com\/wp-content\/uploads\/2024\/12\/20241206_102136-1024x768.jpg 1024w, https:\/\/creches-vic-andrest.com\/wp-content\/uploads\/2024\/12\/20241206_102136-768x576.jpg 768w, https:\/\/creches-vic-andrest.com\/wp-content\/uploads\/2024\/12\/20241206_102136-1536x1152.jpg 1536w, https:\/\/creches-vic-andrest.com\/wp-content\/uploads\/2024\/12\/20241206_102136-2048x1536.jpg 2048w, https:\/\/creches-vic-andrest.com\/wp-content\/uploads\/2024\/12\/20241206_102136-150x113.jpg 150w, https:\/\/creches-vic-andrest.com\/wp-content\/uploads\/2024\/12\/20241206_102136-160x120.jpg 160w\" sizes=\"auto, (max-width: 300px) 100vw, 300px\" \/><\/p>\n","protected":false},"excerpt":{"rendered":"<p>Nous avons repris nos sorties \u00e0 la m\u00e9diath\u00e8que d&rsquo;Andrest. Merci \u00e0 Celine pour ses petites histoires sur No\u00ebl .<\/p>\n<p> <a class=\"continue-reading-link\" href=\"https:\/\/creches-vic-andrest.com\/index.php\/2024\/12\/10\/mediatheque-dandrest-pour-la-micro-creche-les-canalous\/\"><span>LIRE LA SUITE<\/span><i class=\"crycon-right-dir\"><\/i><\/a> <\/p>\n","protected":false},"author":4,"featured_media":0,"comment_status":"closed","ping_status":"closed","sticky":false,"template":"","format":"standard","meta":{"_jetpack_memberships_contains_paid_content":false,"footnotes":""},"categories":[11],"tags":[],"class_list":["post-15605","post","type-post","status-publish","format-standard","hentry","category-canalous"],"jetpack_featured_media_url":"","jetpack_sharing_enabled":true,"_links":{"self":[{"href":"https:\/\/creches-vic-andrest.com\/index.php\/wp-json\/wp\/v2\/posts\/15605","targetHints":{"allow":["GET"]}}],"collection":[{"href":"https:\/\/creches-vic-andrest.com\/index.php\/wp-json\/wp\/v2\/posts"}],"about":[{"href":"https:\/\/creches-vic-andrest.com\/index.php\/wp-json\/wp\/v2\/types\/post"}],"author":[{"embeddable":true,"href":"https:\/\/creches-vic-andrest.com\/index.php\/wp-json\/wp\/v2\/users\/4"}],"replies":[{"embeddable":true,"href":"https:\/\/creches-vic-andrest.com\/index.php\/wp-json\/wp\/v2\/comments?post=15605"}],"version-history":[{"count":2,"href":"https:\/\/creches-vic-andrest.com\/index.php\/wp-json\/wp\/v2\/posts\/15605\/revisions"}],"predecessor-version":[{"id":15622,"href":"https:\/\/creches-vic-andrest.com\/index.php\/wp-json\/wp\/v2\/posts\/15605\/revisions\/15622"}],"wp:attachment":[{"href":"https:\/\/creches-vic-andrest.com\/index.php\/wp-json\/wp\/v2\/media?parent=15605"}],"wp:term":[{"taxonomy":"category","embeddable":true,"href":"https:\/\/creches-vic-andrest.com\/index.php\/wp-json\/wp\/v2\/categories?post=15605"},{"taxonomy":"post_tag","embeddable":true,"href":"https:\/\/creches-vic-andrest.com\/index.php\/wp-json\/wp\/v2\/tags?post=15605"}],"curies":[{"name":"wp","href":"https:\/\/api.w.org\/{rel}","templated":true}]}}