{"id":15968,"date":"2025-01-09T13:45:57","date_gmt":"2025-01-09T12:45:57","guid":{"rendered":"https:\/\/creches-vic-andrest.com\/?p=15968"},"modified":"2025-01-09T13:45:57","modified_gmt":"2025-01-09T12:45:57","slug":"fetes-de-fin-dannee-a-la-micro-creche-les-canalous","status":"publish","type":"post","link":"https:\/\/creches-vic-andrest.com\/index.php\/2025\/01\/09\/fetes-de-fin-dannee-a-la-micro-creche-les-canalous\/","title":{"rendered":"F\u00eates de fin d&rsquo;ann\u00e9e \u00e0 la Micro Cr\u00e8che les Canalous."},"content":{"rendered":"<p>&nbsp;<\/p>\n<p><img loading=\"lazy\" decoding=\"async\" class=\"alignnone size-medium wp-image-16016 aligncenter\" src=\"https:\/\/creches-vic-andrest.com\/wp-content\/uploads\/2025\/01\/Screenshot_20250109_122457_Word-300x252.jpg\" alt=\"\" width=\"300\" height=\"252\" srcset=\"https:\/\/creches-vic-andrest.com\/wp-content\/uploads\/2025\/01\/Screenshot_20250109_122457_Word-300x252.jpg 300w, https:\/\/creches-vic-andrest.com\/wp-content\/uploads\/2025\/01\/Screenshot_20250109_122457_Word-1024x860.jpg 1024w, https:\/\/creches-vic-andrest.com\/wp-content\/uploads\/2025\/01\/Screenshot_20250109_122457_Word-768x645.jpg 768w, https:\/\/creches-vic-andrest.com\/wp-content\/uploads\/2025\/01\/Screenshot_20250109_122457_Word-1536x1290.jpg 1536w, https:\/\/creches-vic-andrest.com\/wp-content\/uploads\/2025\/01\/Screenshot_20250109_122457_Word-2048x1720.jpg 2048w, https:\/\/creches-vic-andrest.com\/wp-content\/uploads\/2025\/01\/Screenshot_20250109_122457_Word-150x126.jpg 150w, https:\/\/creches-vic-andrest.com\/wp-content\/uploads\/2025\/01\/Screenshot_20250109_122457_Word-143x120.jpg 143w\" sizes=\"auto, (max-width: 300px) 100vw, 300px\" \/><\/p>\n<p style=\"text-align: center;\">Article de la d\u00e9p\u00eache.<\/p>\n<div class=\"article-full__infos-dates\" style=\"box-sizing: inherit; font-family: 'Frank Ruhl Libre', 'Frank Ruhl Libre-fallback', serif; margin-bottom: 0.5rem; color: #1b1b1b; font-size: 16px;\"><span style=\"box-sizing: inherit;\">Publi\u00e9 le\u00a0<time style=\"box-sizing: inherit;\">25\/12\/2024 \u00e0 05:06<\/time><\/span><\/div>\n<div class=\"author\" style=\"box-sizing: inherit; -webkit-box-align: center; align-items: center; display: flex; color: #1b1b1b; font-family: Lato, Lato-fallback, Arial, Helvetica, sans-serif; font-size: 16px;\"><span class=\"author-name\" style=\"box-sizing: inherit; font-family: 'Frank Ruhl Libre', 'Frank Ruhl Libre-fallback', serif; font-weight: bold; line-height: 1.5rem;\"><a style=\"box-sizing: inherit; background-color: rgba(0, 0, 0, 0); color: inherit; text-decoration-line: none; -webkit-tap-highlight-color: rgba(0, 0, 0, 0);\" href=\"https:\/\/www.ladepeche.fr\/auteur\/correspondant-de-la-redaction-des-hautes-pyrenees\">Correspondant de la r\u00e9daction des Hautes-Pyr\u00e9n\u00e9es<\/a><\/span><\/div>\n<p style=\"box-sizing: inherit; margin: 1.5rem 0px; color: #1b1b1b; font-family: Lato, Lato-fallback, Arial, Helvetica, sans-serif; font-size: 18px;\">La micro-cr\u00e8che d\u2019Andrest en val d\u2019Adour et pr\u00e9cis\u00e9ment du territoire Adour-Madiran est inscrite \u00e0 l\u2019itin\u00e9raire d\u2019une tourn\u00e9e plan\u00e9taire, celle de celui qui sur son tra\u00eeneau tir\u00e9 par des rennes entreprend le p\u00e9riple annuel des festivit\u00e9s de l\u2019Avent de No\u00ebl.<\/p>\n<p style=\"box-sizing: inherit; margin: 1.5rem 0px; color: #1b1b1b; font-family: Lato, Lato-fallback, Arial, Helvetica, sans-serif; font-size: 18px;\">\u00c0 Andrest, depuis 2018, la micro cr\u00e8che Les Canalous cr\u00e9\u00e9e sous l\u2019\u00e9gide de la communaut\u00e9 de communes Adour-Madiran (CCAM) et g\u00e9r\u00e9e en d\u00e9l\u00e9gation de service public par l\u2019Association d\u2019aide \u00e0 domicile en milieu rural, l\u2019ADMR de Vic, est donc une \u00e9tape de l\u2019homme \u00e0 la houppelande rouge et barbe blanche ; \u00e9tape festive \u00e0 laquelle les parents participent avant la tr\u00eave des vacances du service. Visite du P\u00e8re No\u00ebl accueilli par l\u2019\u00e9quipe des assistantes d\u2019\u00e9veil, Emilie, Aurore, Elodie, Aur\u00e9lie, autour de Vanessa, du pr\u00e9sident d\u00e9l\u00e9gu\u00e9 de l\u2019ADMR, Michel Busca, du maire d\u2019Andrest et vice-pr\u00e9sident de la CCAM, Louis Dintrans. Escale de No\u00ebl \u00e0 la hauteur de l\u2019\u00e9v\u00e9nement pour petits et des grands. Des cadeaux au go\u00fbter en passant par les jeux, un bel apr\u00e8s-midi partag\u00e9.<\/p>\n","protected":false},"excerpt":{"rendered":"<p>&nbsp; Article de la d\u00e9p\u00eache. Publi\u00e9 le\u00a025\/12\/2024 \u00e0 05:06 Correspondant de la r\u00e9daction des Hautes-Pyr\u00e9n\u00e9es La micro-cr\u00e8che d\u2019Andrest en val d\u2019Adour et pr\u00e9cis\u00e9ment du territoire Adour-Madiran est inscrite \u00e0 l\u2019itin\u00e9raire&#8230;<\/p>\n<p> <a class=\"continue-reading-link\" href=\"https:\/\/creches-vic-andrest.com\/index.php\/2025\/01\/09\/fetes-de-fin-dannee-a-la-micro-creche-les-canalous\/\"><span>LIRE LA SUITE<\/span><i class=\"crycon-right-dir\"><\/i><\/a> <\/p>\n","protected":false},"author":4,"featured_media":0,"comment_status":"closed","ping_status":"closed","sticky":false,"template":"","format":"standard","meta":{"_jetpack_memberships_contains_paid_content":false,"footnotes":""},"categories":[11],"tags":[],"class_list":["post-15968","post","type-post","status-publish","format-standard","hentry","category-canalous"],"jetpack_featured_media_url":"","jetpack_sharing_enabled":true,"_links":{"self":[{"href":"https:\/\/creches-vic-andrest.com\/index.php\/wp-json\/wp\/v2\/posts\/15968","targetHints":{"allow":["GET"]}}],"collection":[{"href":"https:\/\/creches-vic-andrest.com\/index.php\/wp-json\/wp\/v2\/posts"}],"about":[{"href":"https:\/\/creches-vic-andrest.com\/index.php\/wp-json\/wp\/v2\/types\/post"}],"author":[{"embeddable":true,"href":"https:\/\/creches-vic-andrest.com\/index.php\/wp-json\/wp\/v2\/users\/4"}],"replies":[{"embeddable":true,"href":"https:\/\/creches-vic-andrest.com\/index.php\/wp-json\/wp\/v2\/comments?post=15968"}],"version-history":[{"count":2,"href":"https:\/\/creches-vic-andrest.com\/index.php\/wp-json\/wp\/v2\/posts\/15968\/revisions"}],"predecessor-version":[{"id":16017,"href":"https:\/\/creches-vic-andrest.com\/index.php\/wp-json\/wp\/v2\/posts\/15968\/revisions\/16017"}],"wp:attachment":[{"href":"https:\/\/creches-vic-andrest.com\/index.php\/wp-json\/wp\/v2\/media?parent=15968"}],"wp:term":[{"taxonomy":"category","embeddable":true,"href":"https:\/\/creches-vic-andrest.com\/index.php\/wp-json\/wp\/v2\/categories?post=15968"},{"taxonomy":"post_tag","embeddable":true,"href":"https:\/\/creches-vic-andrest.com\/index.php\/wp-json\/wp\/v2\/tags?post=15968"}],"curies":[{"name":"wp","href":"https:\/\/api.w.org\/{rel}","templated":true}]}}