{"id":16018,"date":"2025-01-10T14:44:20","date_gmt":"2025-01-10T13:44:20","guid":{"rendered":"https:\/\/creches-vic-andrest.com\/?p=16018"},"modified":"2025-02-02T16:29:02","modified_gmt":"2025-02-02T15:29:02","slug":"decembre-2024-a-la-micro-creche-les-canalous","status":"publish","type":"post","link":"https:\/\/creches-vic-andrest.com\/index.php\/2025\/01\/10\/decembre-2024-a-la-micro-creche-les-canalous\/","title":{"rendered":"D\u00e9cembre 2024 \u00e0 la micro-cr\u00e8che les Canalous."},"content":{"rendered":"<blockquote><p>&nbsp;<\/p>\n<p style=\"text-align: center;\">\u00a0 \u00a0 \u00a0 \u00a0 \u00a0 \u00a0 \u00a0 \u00a0 \u00a0 \u00a0<span style=\"color: #800000;\">Hohoho \ud83c\udf84<\/span><\/p>\n<p style=\"text-align: center;\"><img loading=\"lazy\" decoding=\"async\" class=\"alignnone size-medium wp-image-16032\" src=\"https:\/\/creches-vic-andrest.com\/wp-content\/uploads\/2025\/01\/2025-01-08-21-41-52-318-232x300.jpg\" alt=\"\" width=\"232\" height=\"300\" srcset=\"https:\/\/creches-vic-andrest.com\/wp-content\/uploads\/2025\/01\/2025-01-08-21-41-52-318-232x300.jpg 232w, https:\/\/creches-vic-andrest.com\/wp-content\/uploads\/2025\/01\/2025-01-08-21-41-52-318-793x1024.jpg 793w, https:\/\/creches-vic-andrest.com\/wp-content\/uploads\/2025\/01\/2025-01-08-21-41-52-318-768x992.jpg 768w, https:\/\/creches-vic-andrest.com\/wp-content\/uploads\/2025\/01\/2025-01-08-21-41-52-318-1190x1536.jpg 1190w, https:\/\/creches-vic-andrest.com\/wp-content\/uploads\/2025\/01\/2025-01-08-21-41-52-318-1586x2048.jpg 1586w, https:\/\/creches-vic-andrest.com\/wp-content\/uploads\/2025\/01\/2025-01-08-21-41-52-318-116x150.jpg 116w, https:\/\/creches-vic-andrest.com\/wp-content\/uploads\/2025\/01\/2025-01-08-21-41-52-318-93x120.jpg 93w, https:\/\/creches-vic-andrest.com\/wp-content\/uploads\/2025\/01\/2025-01-08-21-41-52-318.jpg 1758w\" sizes=\"auto, (max-width: 232px) 100vw, 232px\" \/> <img loading=\"lazy\" decoding=\"async\" class=\"alignnone size-medium wp-image-16033\" src=\"https:\/\/creches-vic-andrest.com\/wp-content\/uploads\/2025\/01\/2025-01-08-21-42-19-562-205x300.jpg\" alt=\"\" width=\"205\" height=\"300\" srcset=\"https:\/\/creches-vic-andrest.com\/wp-content\/uploads\/2025\/01\/2025-01-08-21-42-19-562-205x300.jpg 205w, https:\/\/creches-vic-andrest.com\/wp-content\/uploads\/2025\/01\/2025-01-08-21-42-19-562-699x1024.jpg 699w, https:\/\/creches-vic-andrest.com\/wp-content\/uploads\/2025\/01\/2025-01-08-21-42-19-562-768x1125.jpg 768w, https:\/\/creches-vic-andrest.com\/wp-content\/uploads\/2025\/01\/2025-01-08-21-42-19-562-1049x1536.jpg 1049w, https:\/\/creches-vic-andrest.com\/wp-content\/uploads\/2025\/01\/2025-01-08-21-42-19-562-102x150.jpg 102w, https:\/\/creches-vic-andrest.com\/wp-content\/uploads\/2025\/01\/2025-01-08-21-42-19-562-82x120.jpg 82w, https:\/\/creches-vic-andrest.com\/wp-content\/uploads\/2025\/01\/2025-01-08-21-42-19-562.jpg 1248w\" sizes=\"auto, (max-width: 205px) 100vw, 205px\" \/> <img loading=\"lazy\" decoding=\"async\" class=\"alignnone size-medium wp-image-16034\" src=\"https:\/\/creches-vic-andrest.com\/wp-content\/uploads\/2025\/01\/2025-01-08-21-40-45-716-300x192.jpg\" alt=\"\" width=\"300\" height=\"192\" srcset=\"https:\/\/creches-vic-andrest.com\/wp-content\/uploads\/2025\/01\/2025-01-08-21-40-45-716-300x192.jpg 300w, https:\/\/creches-vic-andrest.com\/wp-content\/uploads\/2025\/01\/2025-01-08-21-40-45-716-1024x657.jpg 1024w, https:\/\/creches-vic-andrest.com\/wp-content\/uploads\/2025\/01\/2025-01-08-21-40-45-716-768x492.jpg 768w, https:\/\/creches-vic-andrest.com\/wp-content\/uploads\/2025\/01\/2025-01-08-21-40-45-716-1536x985.jpg 1536w, https:\/\/creches-vic-andrest.com\/wp-content\/uploads\/2025\/01\/2025-01-08-21-40-45-716-2048x1313.jpg 2048w, https:\/\/creches-vic-andrest.com\/wp-content\/uploads\/2025\/01\/2025-01-08-21-40-45-716-150x96.jpg 150w, https:\/\/creches-vic-andrest.com\/wp-content\/uploads\/2025\/01\/2025-01-08-21-40-45-716-187x120.jpg 187w\" sizes=\"auto, (max-width: 300px) 100vw, 300px\" \/> <img loading=\"lazy\" decoding=\"async\" class=\"alignnone size-medium wp-image-16035\" src=\"https:\/\/creches-vic-andrest.com\/wp-content\/uploads\/2025\/01\/2025-01-08-21-38-36-984-225x300.jpg\" alt=\"\" width=\"225\" height=\"300\" srcset=\"https:\/\/creches-vic-andrest.com\/wp-content\/uploads\/2025\/01\/2025-01-08-21-38-36-984-225x300.jpg 225w, https:\/\/creches-vic-andrest.com\/wp-content\/uploads\/2025\/01\/2025-01-08-21-38-36-984-768x1024.jpg 768w, https:\/\/creches-vic-andrest.com\/wp-content\/uploads\/2025\/01\/2025-01-08-21-38-36-984-1152x1536.jpg 1152w, https:\/\/creches-vic-andrest.com\/wp-content\/uploads\/2025\/01\/2025-01-08-21-38-36-984-1536x2048.jpg 1536w, https:\/\/creches-vic-andrest.com\/wp-content\/uploads\/2025\/01\/2025-01-08-21-38-36-984-113x150.jpg 113w, https:\/\/creches-vic-andrest.com\/wp-content\/uploads\/2025\/01\/2025-01-08-21-38-36-984-90x120.jpg 90w, https:\/\/creches-vic-andrest.com\/wp-content\/uploads\/2025\/01\/2025-01-08-21-38-36-984.jpg 1920w\" sizes=\"auto, (max-width: 225px) 100vw, 225px\" \/> <img loading=\"lazy\" decoding=\"async\" class=\"alignnone size-medium wp-image-16036\" src=\"https:\/\/creches-vic-andrest.com\/wp-content\/uploads\/2025\/01\/2025-01-08-21-37-50-389-246x300.jpg\" alt=\"\" width=\"246\" height=\"300\" srcset=\"https:\/\/creches-vic-andrest.com\/wp-content\/uploads\/2025\/01\/2025-01-08-21-37-50-389-246x300.jpg 246w, https:\/\/creches-vic-andrest.com\/wp-content\/uploads\/2025\/01\/2025-01-08-21-37-50-389-840x1024.jpg 840w, https:\/\/creches-vic-andrest.com\/wp-content\/uploads\/2025\/01\/2025-01-08-21-37-50-389-768x937.jpg 768w, https:\/\/creches-vic-andrest.com\/wp-content\/uploads\/2025\/01\/2025-01-08-21-37-50-389-1259x1536.jpg 1259w, https:\/\/creches-vic-andrest.com\/wp-content\/uploads\/2025\/01\/2025-01-08-21-37-50-389-1679x2048.jpg 1679w, https:\/\/creches-vic-andrest.com\/wp-content\/uploads\/2025\/01\/2025-01-08-21-37-50-389-123x150.jpg 123w, https:\/\/creches-vic-andrest.com\/wp-content\/uploads\/2025\/01\/2025-01-08-21-37-50-389-98x120.jpg 98w, https:\/\/creches-vic-andrest.com\/wp-content\/uploads\/2025\/01\/2025-01-08-21-37-50-389.jpg 1822w\" sizes=\"auto, (max-width: 246px) 100vw, 246px\" \/> <img loading=\"lazy\" decoding=\"async\" class=\"alignnone size-medium wp-image-16037\" src=\"https:\/\/creches-vic-andrest.com\/wp-content\/uploads\/2025\/01\/2025-01-08-21-37-22-644-300x209.jpg\" alt=\"\" width=\"300\" height=\"209\" srcset=\"https:\/\/creches-vic-andrest.com\/wp-content\/uploads\/2025\/01\/2025-01-08-21-37-22-644-300x209.jpg 300w, https:\/\/creches-vic-andrest.com\/wp-content\/uploads\/2025\/01\/2025-01-08-21-37-22-644-1024x714.jpg 1024w, https:\/\/creches-vic-andrest.com\/wp-content\/uploads\/2025\/01\/2025-01-08-21-37-22-644-768x535.jpg 768w, https:\/\/creches-vic-andrest.com\/wp-content\/uploads\/2025\/01\/2025-01-08-21-37-22-644-1536x1071.jpg 1536w, https:\/\/creches-vic-andrest.com\/wp-content\/uploads\/2025\/01\/2025-01-08-21-37-22-644-2048x1428.jpg 2048w, https:\/\/creches-vic-andrest.com\/wp-content\/uploads\/2025\/01\/2025-01-08-21-37-22-644-150x105.jpg 150w, https:\/\/creches-vic-andrest.com\/wp-content\/uploads\/2025\/01\/2025-01-08-21-37-22-644-172x120.jpg 172w\" sizes=\"auto, (max-width: 300px) 100vw, 300px\" \/> <img loading=\"lazy\" decoding=\"async\" class=\"alignnone size-medium wp-image-16038\" src=\"https:\/\/creches-vic-andrest.com\/wp-content\/uploads\/2025\/01\/2025-01-08-21-36-51-520-249x300.jpg\" alt=\"\" width=\"249\" height=\"300\" srcset=\"https:\/\/creches-vic-andrest.com\/wp-content\/uploads\/2025\/01\/2025-01-08-21-36-51-520-249x300.jpg 249w, https:\/\/creches-vic-andrest.com\/wp-content\/uploads\/2025\/01\/2025-01-08-21-36-51-520-850x1024.jpg 850w, https:\/\/creches-vic-andrest.com\/wp-content\/uploads\/2025\/01\/2025-01-08-21-36-51-520-768x925.jpg 768w, https:\/\/creches-vic-andrest.com\/wp-content\/uploads\/2025\/01\/2025-01-08-21-36-51-520-1275x1536.jpg 1275w, https:\/\/creches-vic-andrest.com\/wp-content\/uploads\/2025\/01\/2025-01-08-21-36-51-520-125x150.jpg 125w, https:\/\/creches-vic-andrest.com\/wp-content\/uploads\/2025\/01\/2025-01-08-21-36-51-520-100x120.jpg 100w, https:\/\/creches-vic-andrest.com\/wp-content\/uploads\/2025\/01\/2025-01-08-21-36-51-520.jpg 1612w\" sizes=\"auto, (max-width: 249px) 100vw, 249px\" \/> <img loading=\"lazy\" decoding=\"async\" class=\"alignnone size-medium wp-image-16039\" src=\"https:\/\/creches-vic-andrest.com\/wp-content\/uploads\/2025\/01\/2025-01-08-21-36-08-191-300x235.jpg\" alt=\"\" width=\"300\" height=\"235\" srcset=\"https:\/\/creches-vic-andrest.com\/wp-content\/uploads\/2025\/01\/2025-01-08-21-36-08-191-300x235.jpg 300w, https:\/\/creches-vic-andrest.com\/wp-content\/uploads\/2025\/01\/2025-01-08-21-36-08-191-1024x801.jpg 1024w, https:\/\/creches-vic-andrest.com\/wp-content\/uploads\/2025\/01\/2025-01-08-21-36-08-191-768x601.jpg 768w, https:\/\/creches-vic-andrest.com\/wp-content\/uploads\/2025\/01\/2025-01-08-21-36-08-191-1536x1202.jpg 1536w, https:\/\/creches-vic-andrest.com\/wp-content\/uploads\/2025\/01\/2025-01-08-21-36-08-191-2048x1602.jpg 2048w, https:\/\/creches-vic-andrest.com\/wp-content\/uploads\/2025\/01\/2025-01-08-21-36-08-191-150x117.jpg 150w, https:\/\/creches-vic-andrest.com\/wp-content\/uploads\/2025\/01\/2025-01-08-21-36-08-191-153x120.jpg 153w\" sizes=\"auto, (max-width: 300px) 100vw, 300px\" \/> <img loading=\"lazy\" decoding=\"async\" class=\"alignnone size-medium wp-image-16040\" src=\"https:\/\/creches-vic-andrest.com\/wp-content\/uploads\/2025\/01\/2025-01-08-21-35-00-361-225x300.jpg\" alt=\"\" width=\"225\" height=\"300\" srcset=\"https:\/\/creches-vic-andrest.com\/wp-content\/uploads\/2025\/01\/2025-01-08-21-35-00-361-225x300.jpg 225w, https:\/\/creches-vic-andrest.com\/wp-content\/uploads\/2025\/01\/2025-01-08-21-35-00-361-768x1024.jpg 768w, https:\/\/creches-vic-andrest.com\/wp-content\/uploads\/2025\/01\/2025-01-08-21-35-00-361-1152x1536.jpg 1152w, https:\/\/creches-vic-andrest.com\/wp-content\/uploads\/2025\/01\/2025-01-08-21-35-00-361-1536x2048.jpg 1536w, https:\/\/creches-vic-andrest.com\/wp-content\/uploads\/2025\/01\/2025-01-08-21-35-00-361-113x150.jpg 113w, https:\/\/creches-vic-andrest.com\/wp-content\/uploads\/2025\/01\/2025-01-08-21-35-00-361-90x120.jpg 90w, https:\/\/creches-vic-andrest.com\/wp-content\/uploads\/2025\/01\/2025-01-08-21-35-00-361.jpg 1920w\" sizes=\"auto, (max-width: 225px) 100vw, 225px\" \/> <img loading=\"lazy\" decoding=\"async\" class=\"alignnone size-medium wp-image-16041\" src=\"https:\/\/creches-vic-andrest.com\/wp-content\/uploads\/2025\/01\/2025-01-08-21-34-23-642-300x225.jpg\" alt=\"\" width=\"300\" height=\"225\" srcset=\"https:\/\/creches-vic-andrest.com\/wp-content\/uploads\/2025\/01\/2025-01-08-21-34-23-642-300x225.jpg 300w, https:\/\/creches-vic-andrest.com\/wp-content\/uploads\/2025\/01\/2025-01-08-21-34-23-642-1024x768.jpg 1024w, https:\/\/creches-vic-andrest.com\/wp-content\/uploads\/2025\/01\/2025-01-08-21-34-23-642-768x576.jpg 768w, https:\/\/creches-vic-andrest.com\/wp-content\/uploads\/2025\/01\/2025-01-08-21-34-23-642-1536x1152.jpg 1536w, https:\/\/creches-vic-andrest.com\/wp-content\/uploads\/2025\/01\/2025-01-08-21-34-23-642-2048x1536.jpg 2048w, https:\/\/creches-vic-andrest.com\/wp-content\/uploads\/2025\/01\/2025-01-08-21-34-23-642-150x113.jpg 150w, https:\/\/creches-vic-andrest.com\/wp-content\/uploads\/2025\/01\/2025-01-08-21-34-23-642-160x120.jpg 160w\" sizes=\"auto, (max-width: 300px) 100vw, 300px\" \/><\/p>\n<\/blockquote>\n<h6 align=\"justify\"><span style=\"color: #000080;\">Le mois de d\u00e9cembre est toujours bien rempli autour d\u2019activit\u00e9s,de spectacle de No\u00ebl, de fabrication de cadeaux,de sabl\u00e9s . . .<\/span><\/h6>\n<div style=\"width: 1380px;\" class=\"wp-video\"><!--[if lt IE 9]><script>document.createElement('video');<\/script><![endif]-->\n<video class=\"wp-video-shortcode\" id=\"video-16018-1\" width=\"1380\" height=\"776\" preload=\"metadata\" controls=\"controls\"><source type=\"video\/mp4\" src=\"https:\/\/creches-vic-andrest.com\/wp-content\/uploads\/2025\/01\/20241210_101114.mp4?_=1\" \/><a href=\"https:\/\/creches-vic-andrest.com\/wp-content\/uploads\/2025\/01\/20241210_101114.mp4\">https:\/\/creches-vic-andrest.com\/wp-content\/uploads\/2025\/01\/20241210_101114.mp4<\/a><\/video><\/div>\n<p><img loading=\"lazy\" decoding=\"async\" class=\"alignnone size-medium wp-image-16046\" src=\"https:\/\/creches-vic-andrest.com\/wp-content\/uploads\/2025\/01\/20241210_100956-300x237.jpg\" alt=\"\" width=\"300\" height=\"237\" srcset=\"https:\/\/creches-vic-andrest.com\/wp-content\/uploads\/2025\/01\/20241210_100956-300x237.jpg 300w, https:\/\/creches-vic-andrest.com\/wp-content\/uploads\/2025\/01\/20241210_100956-1024x809.jpg 1024w, https:\/\/creches-vic-andrest.com\/wp-content\/uploads\/2025\/01\/20241210_100956-768x607.jpg 768w, https:\/\/creches-vic-andrest.com\/wp-content\/uploads\/2025\/01\/20241210_100956-1536x1214.jpg 1536w, https:\/\/creches-vic-andrest.com\/wp-content\/uploads\/2025\/01\/20241210_100956-2048x1619.jpg 2048w, https:\/\/creches-vic-andrest.com\/wp-content\/uploads\/2025\/01\/20241210_100956-150x119.jpg 150w, https:\/\/creches-vic-andrest.com\/wp-content\/uploads\/2025\/01\/20241210_100956-152x120.jpg 152w\" sizes=\"auto, (max-width: 300px) 100vw, 300px\" \/><\/p>\n<p><img loading=\"lazy\" decoding=\"async\" class=\"alignnone size-medium wp-image-16048\" src=\"https:\/\/creches-vic-andrest.com\/wp-content\/uploads\/2025\/01\/IMG-20241212-WA0066-225x300.jpg\" alt=\"\" width=\"225\" height=\"300\" srcset=\"https:\/\/creches-vic-andrest.com\/wp-content\/uploads\/2025\/01\/IMG-20241212-WA0066-225x300.jpg 225w, https:\/\/creches-vic-andrest.com\/wp-content\/uploads\/2025\/01\/IMG-20241212-WA0066-768x1024.jpg 768w, https:\/\/creches-vic-andrest.com\/wp-content\/uploads\/2025\/01\/IMG-20241212-WA0066-1152x1536.jpg 1152w, https:\/\/creches-vic-andrest.com\/wp-content\/uploads\/2025\/01\/IMG-20241212-WA0066-113x150.jpg 113w, https:\/\/creches-vic-andrest.com\/wp-content\/uploads\/2025\/01\/IMG-20241212-WA0066-90x120.jpg 90w, https:\/\/creches-vic-andrest.com\/wp-content\/uploads\/2025\/01\/IMG-20241212-WA0066.jpg 1200w\" sizes=\"auto, (max-width: 225px) 100vw, 225px\" \/> <img loading=\"lazy\" decoding=\"async\" class=\"alignnone size-medium wp-image-16049\" src=\"https:\/\/creches-vic-andrest.com\/wp-content\/uploads\/2025\/01\/IMG-20241212-WA0059-300x225.jpg\" alt=\"\" width=\"300\" height=\"225\" srcset=\"https:\/\/creches-vic-andrest.com\/wp-content\/uploads\/2025\/01\/IMG-20241212-WA0059-300x225.jpg 300w, https:\/\/creches-vic-andrest.com\/wp-content\/uploads\/2025\/01\/IMG-20241212-WA0059-1024x768.jpg 1024w, https:\/\/creches-vic-andrest.com\/wp-content\/uploads\/2025\/01\/IMG-20241212-WA0059-768x576.jpg 768w, https:\/\/creches-vic-andrest.com\/wp-content\/uploads\/2025\/01\/IMG-20241212-WA0059-1536x1152.jpg 1536w, https:\/\/creches-vic-andrest.com\/wp-content\/uploads\/2025\/01\/IMG-20241212-WA0059-150x113.jpg 150w, https:\/\/creches-vic-andrest.com\/wp-content\/uploads\/2025\/01\/IMG-20241212-WA0059-160x120.jpg 160w, https:\/\/creches-vic-andrest.com\/wp-content\/uploads\/2025\/01\/IMG-20241212-WA0059.jpg 1600w\" sizes=\"auto, (max-width: 300px) 100vw, 300px\" \/><\/p>\n<div style=\"width: 1380px;\" class=\"wp-video\"><video class=\"wp-video-shortcode\" id=\"video-16018-2\" width=\"1380\" height=\"776\" preload=\"metadata\" controls=\"controls\"><source type=\"video\/mp4\" src=\"https:\/\/creches-vic-andrest.com\/wp-content\/uploads\/2025\/01\/20241210_101034.mp4?_=2\" \/><a href=\"https:\/\/creches-vic-andrest.com\/wp-content\/uploads\/2025\/01\/20241210_101034.mp4\">https:\/\/creches-vic-andrest.com\/wp-content\/uploads\/2025\/01\/20241210_101034.mp4<\/a><\/video><\/div>\n<h6 align=\"justify\"><\/h6>\n<h6 align=\"justify\"><span style=\"color: #000080;\">Et puis<\/span><\/h6>\n<h6 style=\"box-sizing: border-box; word-break: break-word; padding: 0px; border: 0px #ebebeb; font-variant-numeric: inherit; font-variant-east-asian: inherit; font-variant-alternates: inherit; font-variant-position: inherit; font-weight: 600; font-stretch: inherit; font-size: 28px; line-height: 1.1em; font-family: montserrat, HelveticaNeue, 'Helvetica Neue', Helvetica-Neue, Helvetica, Arial, sans-serif; font-optical-sizing: inherit; font-kerning: inherit; font-feature-settings: inherit; font-variation-settings: inherit; vertical-align: baseline; color: #000000; text-transform: uppercase; letter-spacing: 1px; text-align: center;\" align=\"justify\"><span style=\"color: #ff0000;\"><span style=\"color: #719430; font-family: Nunito-1;\"><b>Quand lutin rime avec malIn<\/b><\/span><\/span><\/h6>\n<p style=\"box-sizing: border-box; margin: 0.85em 0px; padding: 0px; border: 0px #ebebeb; font-variant-numeric: inherit; font-variant-east-asian: inherit; font-variant-alternates: inherit; font-variant-position: inherit; font-stretch: inherit; font-size: 13px; line-height: inherit; font-family: montserrat, HelveticaNeue, 'Helvetica Neue', Helvetica-Neue, Helvetica, Arial, sans-serif; font-optical-sizing: inherit; font-kerning: inherit; font-feature-settings: inherit; font-variation-settings: inherit; vertical-align: baseline; color: #000000;\" align=\"justify\"><span style=\"box-sizing: border-box; margin: 0px; padding: 0px; border: 0px #ebebeb; font-style: inherit; font-variant: inherit; font-weight: inherit; font-stretch: inherit; font-size: inherit; line-height: inherit; font-family: Nunito-1; font-optical-sizing: inherit; font-kerning: inherit; font-feature-settings: inherit; font-variation-settings: inherit; vertical-align: baseline; color: #000080;\"><span style=\"box-sizing: border-box; margin: 0px; padding: 0px; border: 0px #ebebeb; font-style: inherit; font-variant: inherit; font-weight: inherit; font-stretch: inherit; font-size: medium; line-height: inherit; font-family: inherit; font-optical-sizing: inherit; font-size-adjust: inherit; font-kerning: inherit; font-feature-settings: inherit; font-variation-settings: inherit; vertical-align: baseline;\">Du 1<sup style=\"box-sizing: border-box; margin: 0px; padding: 0px; border: 0px #ebebeb; font-style: inherit; font-variant: inherit; font-weight: inherit; font-stretch: inherit; font-size: smaller; line-height: inherit; font-family: inherit; font-optical-sizing: inherit; font-size-adjust: inherit; font-kerning: inherit; font-feature-settings: inherit; font-variation-settings: inherit; vertical-align: super;\">er<\/sup> au 19 d\u00e9cembre, ces petits lutins s\u2019invitent \u00e0 la micro cr\u00e8che les Canalous d\u2019Andrest puis rentrent dans la maison du P\u00e8re No\u00ebl dans la nuit du 24 pour distribuer les cadeaux aux enfants les plus sages. Mais ces lutins sont bien malins, puisque chaque nuit, ils se t\u00e9l\u00e9portent comme par magie pour dire au P\u00e8re No\u00ebl qui a \u00e9t\u00e9 sage et moins sage. Malins ou vilains. . . Ou les deux ? Ces petits lutins ne sont pas aussi gentils et innocents qu\u2019ils ont l\u2019air. Chaque jour, ils font des farces pour \u00e9gayer la journ\u00e9e des petits et des grands ! Amusement garantis..\u00a0<\/span><\/span><\/p>\n<p align=\"justify\"><img loading=\"lazy\" decoding=\"async\" class=\"alignnone size-medium wp-image-16042\" src=\"https:\/\/creches-vic-andrest.com\/wp-content\/uploads\/2025\/01\/IMG-20241212-WA0013-300x225.jpg\" alt=\"\" width=\"300\" height=\"225\" srcset=\"https:\/\/creches-vic-andrest.com\/wp-content\/uploads\/2025\/01\/IMG-20241212-WA0013-300x225.jpg 300w, https:\/\/creches-vic-andrest.com\/wp-content\/uploads\/2025\/01\/IMG-20241212-WA0013-1024x768.jpg 1024w, https:\/\/creches-vic-andrest.com\/wp-content\/uploads\/2025\/01\/IMG-20241212-WA0013-768x576.jpg 768w, https:\/\/creches-vic-andrest.com\/wp-content\/uploads\/2025\/01\/IMG-20241212-WA0013-1536x1152.jpg 1536w, https:\/\/creches-vic-andrest.com\/wp-content\/uploads\/2025\/01\/IMG-20241212-WA0013-150x113.jpg 150w, https:\/\/creches-vic-andrest.com\/wp-content\/uploads\/2025\/01\/IMG-20241212-WA0013-160x120.jpg 160w, https:\/\/creches-vic-andrest.com\/wp-content\/uploads\/2025\/01\/IMG-20241212-WA0013.jpg 1600w\" sizes=\"auto, (max-width: 300px) 100vw, 300px\" \/> <img loading=\"lazy\" decoding=\"async\" class=\"alignnone size-medium wp-image-16043\" src=\"https:\/\/creches-vic-andrest.com\/wp-content\/uploads\/2025\/01\/IMG-20241212-WA0007-225x300.jpg\" alt=\"\" width=\"225\" height=\"300\" srcset=\"https:\/\/creches-vic-andrest.com\/wp-content\/uploads\/2025\/01\/IMG-20241212-WA0007-225x300.jpg 225w, https:\/\/creches-vic-andrest.com\/wp-content\/uploads\/2025\/01\/IMG-20241212-WA0007-768x1024.jpg 768w, https:\/\/creches-vic-andrest.com\/wp-content\/uploads\/2025\/01\/IMG-20241212-WA0007-1152x1536.jpg 1152w, https:\/\/creches-vic-andrest.com\/wp-content\/uploads\/2025\/01\/IMG-20241212-WA0007-113x150.jpg 113w, https:\/\/creches-vic-andrest.com\/wp-content\/uploads\/2025\/01\/IMG-20241212-WA0007-90x120.jpg 90w, https:\/\/creches-vic-andrest.com\/wp-content\/uploads\/2025\/01\/IMG-20241212-WA0007.jpg 1200w\" sizes=\"auto, (max-width: 225px) 100vw, 225px\" \/> <img loading=\"lazy\" decoding=\"async\" class=\"alignnone size-medium wp-image-16044\" src=\"https:\/\/creches-vic-andrest.com\/wp-content\/uploads\/2025\/01\/IMG-20241212-WA0003-225x300.jpg\" alt=\"\" width=\"225\" height=\"300\" srcset=\"https:\/\/creches-vic-andrest.com\/wp-content\/uploads\/2025\/01\/IMG-20241212-WA0003-225x300.jpg 225w, https:\/\/creches-vic-andrest.com\/wp-content\/uploads\/2025\/01\/IMG-20241212-WA0003-768x1024.jpg 768w, https:\/\/creches-vic-andrest.com\/wp-content\/uploads\/2025\/01\/IMG-20241212-WA0003-1152x1536.jpg 1152w, https:\/\/creches-vic-andrest.com\/wp-content\/uploads\/2025\/01\/IMG-20241212-WA0003-113x150.jpg 113w, https:\/\/creches-vic-andrest.com\/wp-content\/uploads\/2025\/01\/IMG-20241212-WA0003-90x120.jpg 90w, https:\/\/creches-vic-andrest.com\/wp-content\/uploads\/2025\/01\/IMG-20241212-WA0003.jpg 1200w\" sizes=\"auto, (max-width: 225px) 100vw, 225px\" \/><\/p>\n<p align=\"justify\"><img loading=\"lazy\" decoding=\"async\" class=\"alignnone size-medium wp-image-16045\" src=\"https:\/\/creches-vic-andrest.com\/wp-content\/uploads\/2025\/01\/20241216_125210-225x300.jpg\" alt=\"\" width=\"225\" height=\"300\" srcset=\"https:\/\/creches-vic-andrest.com\/wp-content\/uploads\/2025\/01\/20241216_125210-225x300.jpg 225w, https:\/\/creches-vic-andrest.com\/wp-content\/uploads\/2025\/01\/20241216_125210-768x1024.jpg 768w, https:\/\/creches-vic-andrest.com\/wp-content\/uploads\/2025\/01\/20241216_125210-1152x1536.jpg 1152w, https:\/\/creches-vic-andrest.com\/wp-content\/uploads\/2025\/01\/20241216_125210-1536x2048.jpg 1536w, https:\/\/creches-vic-andrest.com\/wp-content\/uploads\/2025\/01\/20241216_125210-113x150.jpg 113w, https:\/\/creches-vic-andrest.com\/wp-content\/uploads\/2025\/01\/20241216_125210-90x120.jpg 90w, https:\/\/creches-vic-andrest.com\/wp-content\/uploads\/2025\/01\/20241216_125210-scaled.jpg 1920w\" sizes=\"auto, (max-width: 225px) 100vw, 225px\" \/><\/p>\n<p align=\"justify\">Merci aux familles qui ont particip\u00e9 \u00e0 ce beau go\u00fbter\u00a0 de fin d&rsquo;ann\u00e9e.<\/p>\n<p align=\"justify\"><!--more--><!--more--><\/p>\n<p align=\"justify\">\n","protected":false},"excerpt":{"rendered":"<p>&nbsp; \u00a0 \u00a0 \u00a0 \u00a0 \u00a0 \u00a0 \u00a0 \u00a0 \u00a0 \u00a0Hohoho \ud83c\udf84 Le mois de d\u00e9cembre est toujours bien rempli autour d\u2019activit\u00e9s,de spectacle de No\u00ebl, de fabrication de cadeaux,de sabl\u00e9s&#8230;<\/p>\n<p> <a class=\"continue-reading-link\" href=\"https:\/\/creches-vic-andrest.com\/index.php\/2025\/01\/10\/decembre-2024-a-la-micro-creche-les-canalous\/\"><span>LIRE LA SUITE<\/span><i class=\"crycon-right-dir\"><\/i><\/a> <\/p>\n","protected":false},"author":4,"featured_media":0,"comment_status":"closed","ping_status":"closed","sticky":false,"template":"","format":"standard","meta":{"_jetpack_memberships_contains_paid_content":false,"footnotes":""},"categories":[11],"tags":[],"class_list":["post-16018","post","type-post","status-publish","format-standard","hentry","category-canalous"],"jetpack_featured_media_url":"","jetpack_sharing_enabled":true,"_links":{"self":[{"href":"https:\/\/creches-vic-andrest.com\/index.php\/wp-json\/wp\/v2\/posts\/16018","targetHints":{"allow":["GET"]}}],"collection":[{"href":"https:\/\/creches-vic-andrest.com\/index.php\/wp-json\/wp\/v2\/posts"}],"about":[{"href":"https:\/\/creches-vic-andrest.com\/index.php\/wp-json\/wp\/v2\/types\/post"}],"author":[{"embeddable":true,"href":"https:\/\/creches-vic-andrest.com\/index.php\/wp-json\/wp\/v2\/users\/4"}],"replies":[{"embeddable":true,"href":"https:\/\/creches-vic-andrest.com\/index.php\/wp-json\/wp\/v2\/comments?post=16018"}],"version-history":[{"count":7,"href":"https:\/\/creches-vic-andrest.com\/index.php\/wp-json\/wp\/v2\/posts\/16018\/revisions"}],"predecessor-version":[{"id":16333,"href":"https:\/\/creches-vic-andrest.com\/index.php\/wp-json\/wp\/v2\/posts\/16018\/revisions\/16333"}],"wp:attachment":[{"href":"https:\/\/creches-vic-andrest.com\/index.php\/wp-json\/wp\/v2\/media?parent=16018"}],"wp:term":[{"taxonomy":"category","embeddable":true,"href":"https:\/\/creches-vic-andrest.com\/index.php\/wp-json\/wp\/v2\/categories?post=16018"},{"taxonomy":"post_tag","embeddable":true,"href":"https:\/\/creches-vic-andrest.com\/index.php\/wp-json\/wp\/v2\/tags?post=16018"}],"curies":[{"name":"wp","href":"https:\/\/api.w.org\/{rel}","templated":true}]}}