{"id":22099,"date":"2026-07-18T08:37:09","date_gmt":"2026-07-18T06:37:09","guid":{"rendered":"https:\/\/creches-vic-andrest.com\/?p=22099"},"modified":"2026-08-25T13:25:25","modified_gmt":"2026-08-25T11:25:25","slug":"fermeture-de-la-creche-durant-les-vacances-dete","status":"publish","type":"post","link":"https:\/\/creches-vic-andrest.com\/index.php\/2026\/07\/18\/fermeture-de-la-creche-durant-les-vacances-dete\/","title":{"rendered":"Fermeture de la cr\u00e8che durant l&rsquo;ann\u00e9e scolaire  2026-2027"},"content":{"rendered":"<h5 style=\"text-align: center;\"><strong><span style=\"color: #ff0000;\">Dates de fermeture 2026-2027<\/span><\/strong><\/h5>\n<p style=\"text-align: center;\"><span style=\"color: #ff6600;\">Journ\u00e9e p\u00e9dagogique : Mercredi 21 octobre 2026.<\/span><\/p>\n<p style=\"text-align: center;\"><span style=\"color: #ff6600;\">Fermeture vacances de No\u00ebl<\/span> :<br \/>\nDu mercredi 23 d\u00e9cembre 2026 jusqu\u2019au vendredi 1er janvier 2027 inclus.<br \/>\nR\u00e9ouverture le lundi 4 janvier 2027.<\/p>\n<p style=\"text-align: center;\"><span style=\"color: #ff6600;\">Fermeture vacances avril :<\/span><br \/>\nDu lundi 12 avril 2027 jusqu\u2019au vendredi 16 avril 2027 inclus.<br \/>\nR\u00e9ouverture le lundi 19 avril 2027.<\/p>\n<p style=\"text-align: center;\"><span style=\"color: #ff6600;\">Fermeture Pont de l\u2019ascension :<\/span><br \/>\nLe jeudi 06 mai 2027 et le vendredi 07 mai 2027 inR\u00e9ouverture le lundi 10 mai 2027.<\/p>\n<p style=\"text-align: center;\">\n<span style=\"color: #ff6600;\">Fermeture vacances d\u2019\u00e9t\u00e9 :<\/span><br \/>\nDu lundi 2 ao\u00fbt 2027 jusqu\u2019au lundi 23 ao\u00fbt 2027 inclus.<br \/>\nR\u00e9ouverture le mardi 24 ao\u00fbt 2027<\/p>\n","protected":false},"excerpt":{"rendered":"<p>Dates de fermeture 2026-2027 Journ\u00e9e p\u00e9dagogique : Mercredi 21 octobre 2026. Fermeture vacances de No\u00ebl : Du mercredi 23 d\u00e9cembre 2026 jusqu\u2019au vendredi 1er janvier 2027 inclus. R\u00e9ouverture le lundi&#8230;<\/p>\n<p> <a class=\"continue-reading-link\" href=\"https:\/\/creches-vic-andrest.com\/index.php\/2026\/07\/18\/fermeture-de-la-creche-durant-les-vacances-dete\/\"><span>LIRE LA SUITE<\/span><i class=\"crycon-right-dir\"><\/i><\/a> <\/p>\n","protected":false},"author":1,"featured_media":0,"comment_status":"closed","ping_status":"closed","sticky":false,"template":"","format":"standard","meta":{"_jetpack_memberships_contains_paid_content":false,"footnotes":""},"categories":[10],"tags":[],"class_list":["post-22099","post","type-post","status-publish","format-standard","hentry","category-petits-loups"],"jetpack_featured_media_url":"","jetpack_sharing_enabled":true,"_links":{"self":[{"href":"https:\/\/creches-vic-andrest.com\/index.php\/wp-json\/wp\/v2\/posts\/22099","targetHints":{"allow":["GET"]}}],"collection":[{"href":"https:\/\/creches-vic-andrest.com\/index.php\/wp-json\/wp\/v2\/posts"}],"about":[{"href":"https:\/\/creches-vic-andrest.com\/index.php\/wp-json\/wp\/v2\/types\/post"}],"author":[{"embeddable":true,"href":"https:\/\/creches-vic-andrest.com\/index.php\/wp-json\/wp\/v2\/users\/1"}],"replies":[{"embeddable":true,"href":"https:\/\/creches-vic-andrest.com\/index.php\/wp-json\/wp\/v2\/comments?post=22099"}],"version-history":[{"count":4,"href":"https:\/\/creches-vic-andrest.com\/index.php\/wp-json\/wp\/v2\/posts\/22099\/revisions"}],"predecessor-version":[{"id":22252,"href":"https:\/\/creches-vic-andrest.com\/index.php\/wp-json\/wp\/v2\/posts\/22099\/revisions\/22252"}],"wp:attachment":[{"href":"https:\/\/creches-vic-andrest.com\/index.php\/wp-json\/wp\/v2\/media?parent=22099"}],"wp:term":[{"taxonomy":"category","embeddable":true,"href":"https:\/\/creches-vic-andrest.com\/index.php\/wp-json\/wp\/v2\/categories?post=22099"},{"taxonomy":"post_tag","embeddable":true,"href":"https:\/\/creches-vic-andrest.com\/index.php\/wp-json\/wp\/v2\/tags?post=22099"}],"curies":[{"name":"wp","href":"https:\/\/api.w.org\/{rel}","templated":true}]}}