{"id":5332,"date":"2023-01-05T11:23:47","date_gmt":"2023-01-05T10:23:47","guid":{"rendered":"http:\/\/creches-vic-andrest.com\/?p=5332"},"modified":"2023-01-11T18:22:44","modified_gmt":"2023-01-11T17:22:44","slug":"les-petits-loups-en-ballade-autour-de-la-galette","status":"publish","type":"post","link":"https:\/\/creches-vic-andrest.com\/index.php\/2023\/01\/05\/les-petits-loups-en-ballade-autour-de-la-galette\/","title":{"rendered":"Les petits loups en balade autour de la galette"},"content":{"rendered":"<p><img loading=\"lazy\" decoding=\"async\" class=\"alignnone size-medium wp-image-439 aligncenter\" src=\"https:\/\/creches-vic-andrest.com\/wp-content\/uploads\/2020\/11\/LPL_logo_intervenants_bleu-300x83.png\" alt=\"\" width=\"300\" height=\"83\" srcset=\"https:\/\/creches-vic-andrest.com\/wp-content\/uploads\/2020\/11\/LPL_logo_intervenants_bleu-300x83.png 300w, https:\/\/creches-vic-andrest.com\/wp-content\/uploads\/2020\/11\/LPL_logo_intervenants_bleu-768x213.png 768w, https:\/\/creches-vic-andrest.com\/wp-content\/uploads\/2020\/11\/LPL_logo_intervenants_bleu-150x42.png 150w, https:\/\/creches-vic-andrest.com\/wp-content\/uploads\/2020\/11\/LPL_logo_intervenants_bleu.png 1000w\" sizes=\"auto, (max-width: 300px) 100vw, 300px\" \/><\/p>\n<p style=\"text-align: left;\">L&rsquo;\u00e9quipe du LAEP, lieu d&rsquo;accueil enfant parent, \u00ab\u00a0Les petits loups en balade\u00a0\u00bb compos\u00e9 de Christel, Elodie et Karine vous souhaitent leurs meilleurs v\u0153ux pour l&rsquo;ann\u00e9e 2023!<\/p>\n<p style=\"text-align: left;\">A cette occasion, l&rsquo;\u00e9quipe au complet a pu partager la galette avec les familles et les enfants sur les sites de Lafitole et Rabastens. Le LAEP c&rsquo;est, aussi bien partager un moment convivial autour d&rsquo;un caf\u00e9 et de gourmandises, qu&rsquo;\u00eatre un espace d&rsquo;accueil o\u00f9 r\u00e8gne la bienveillance, l&rsquo;accompagnement et l&rsquo;\u00e9change entre familles, enfants et accueillantes.<\/p>\n<p>Vous pouvez retrouver les membres de l&rsquo;\u00e9quipe tous les mercredis de 9h \u00e0 11h30 et de 14h45 \u00e0 17h15.<br \/>\n&#8211; semaines impaires : au gymnase de Lafitole le matin , et \u00e0 la salle de motricit\u00e9 de l&rsquo;\u00e9cole de Rabastens l&rsquo;apr\u00e8s midi<br \/>\n&#8211; semaines paires : sur Vic en Bigorre \u00e0 l&rsquo;\u00e9cole du Petit Bois le matin et \u00e0 Maubourguet sur la place centrale du march\u00e9 l&rsquo;apr\u00e8s midi<\/p>\n<p style=\"text-align: left;\"><em>N&rsquo;h\u00e9sitez pas \u00e0 nous contacter sur la page facebook \u00a0\u00bb les petits loups en balade\u00a0\u00bb ou par t\u00e9l\u00e9phone au 06.31.41.17.96.<\/em><\/p>\n<div id=\"attachment_5333\" style=\"width: 385px\" class=\"wp-caption aligncenter\"><img loading=\"lazy\" decoding=\"async\" aria-describedby=\"caption-attachment-5333\" class=\" wp-image-5333\" src=\"https:\/\/creches-vic-andrest.com\/wp-content\/uploads\/2023\/01\/323524130_828130101591297_9092548079048276379_n1-300x225.jpg\" alt=\"\" width=\"375\" height=\"281\" srcset=\"https:\/\/creches-vic-andrest.com\/wp-content\/uploads\/2023\/01\/323524130_828130101591297_9092548079048276379_n1-300x225.jpg 300w, https:\/\/creches-vic-andrest.com\/wp-content\/uploads\/2023\/01\/323524130_828130101591297_9092548079048276379_n1-1024x768.jpg 1024w, https:\/\/creches-vic-andrest.com\/wp-content\/uploads\/2023\/01\/323524130_828130101591297_9092548079048276379_n1-768x576.jpg 768w, https:\/\/creches-vic-andrest.com\/wp-content\/uploads\/2023\/01\/323524130_828130101591297_9092548079048276379_n1-1536x1152.jpg 1536w, https:\/\/creches-vic-andrest.com\/wp-content\/uploads\/2023\/01\/323524130_828130101591297_9092548079048276379_n1-150x113.jpg 150w, https:\/\/creches-vic-andrest.com\/wp-content\/uploads\/2023\/01\/323524130_828130101591297_9092548079048276379_n1-160x120.jpg 160w, https:\/\/creches-vic-andrest.com\/wp-content\/uploads\/2023\/01\/323524130_828130101591297_9092548079048276379_n1.jpg 2048w\" sizes=\"auto, (max-width: 375px) 100vw, 375px\" \/><p id=\"caption-attachment-5333\" class=\"wp-caption-text\">Epiphanie \u00e0 Rabastens<\/p><\/div>\n","protected":false},"excerpt":{"rendered":"<p>L&rsquo;\u00e9quipe du LAEP, lieu d&rsquo;accueil enfant parent, \u00ab\u00a0Les petits loups en balade\u00a0\u00bb compos\u00e9 de Christel, Elodie et Karine vous souhaitent leurs meilleurs v\u0153ux pour l&rsquo;ann\u00e9e 2023! A cette occasion, l&rsquo;\u00e9quipe&#8230;<\/p>\n<p> <a class=\"continue-reading-link\" href=\"https:\/\/creches-vic-andrest.com\/index.php\/2023\/01\/05\/les-petits-loups-en-ballade-autour-de-la-galette\/\"><span>LIRE LA SUITE<\/span><i class=\"crycon-right-dir\"><\/i><\/a> <\/p>\n","protected":false},"author":2,"featured_media":0,"comment_status":"closed","ping_status":"closed","sticky":false,"template":"","format":"standard","meta":{"_jetpack_memberships_contains_paid_content":false,"footnotes":""},"categories":[12],"tags":[],"class_list":["post-5332","post","type-post","status-publish","format-standard","hentry","category-laep"],"jetpack_featured_media_url":"","jetpack_sharing_enabled":true,"_links":{"self":[{"href":"https:\/\/creches-vic-andrest.com\/index.php\/wp-json\/wp\/v2\/posts\/5332","targetHints":{"allow":["GET"]}}],"collection":[{"href":"https:\/\/creches-vic-andrest.com\/index.php\/wp-json\/wp\/v2\/posts"}],"about":[{"href":"https:\/\/creches-vic-andrest.com\/index.php\/wp-json\/wp\/v2\/types\/post"}],"author":[{"embeddable":true,"href":"https:\/\/creches-vic-andrest.com\/index.php\/wp-json\/wp\/v2\/users\/2"}],"replies":[{"embeddable":true,"href":"https:\/\/creches-vic-andrest.com\/index.php\/wp-json\/wp\/v2\/comments?post=5332"}],"version-history":[{"count":3,"href":"https:\/\/creches-vic-andrest.com\/index.php\/wp-json\/wp\/v2\/posts\/5332\/revisions"}],"predecessor-version":[{"id":5377,"href":"https:\/\/creches-vic-andrest.com\/index.php\/wp-json\/wp\/v2\/posts\/5332\/revisions\/5377"}],"wp:attachment":[{"href":"https:\/\/creches-vic-andrest.com\/index.php\/wp-json\/wp\/v2\/media?parent=5332"}],"wp:term":[{"taxonomy":"category","embeddable":true,"href":"https:\/\/creches-vic-andrest.com\/index.php\/wp-json\/wp\/v2\/categories?post=5332"},{"taxonomy":"post_tag","embeddable":true,"href":"https:\/\/creches-vic-andrest.com\/index.php\/wp-json\/wp\/v2\/tags?post=5332"}],"curies":[{"name":"wp","href":"https:\/\/api.w.org\/{rel}","templated":true}]}}