{"id":5373,"date":"2023-01-11T18:16:35","date_gmt":"2023-01-11T17:16:35","guid":{"rendered":"http:\/\/creches-vic-andrest.com\/?p=5373"},"modified":"2023-01-11T18:20:41","modified_gmt":"2023-01-11T17:20:41","slug":"le-laep-dans-la-depeche-du-midi","status":"publish","type":"post","link":"https:\/\/creches-vic-andrest.com\/index.php\/2023\/01\/11\/le-laep-dans-la-depeche-du-midi\/","title":{"rendered":"Le LAEP dans la D\u00e9p\u00eache du Midi du 7 janvier 2023"},"content":{"rendered":"<p><img loading=\"lazy\" decoding=\"async\" class=\"alignnone size-medium wp-image-439 aligncenter\" src=\"https:\/\/creches-vic-andrest.com\/wp-content\/uploads\/2020\/11\/LPL_logo_intervenants_bleu-300x83.png\" alt=\"\" width=\"300\" height=\"83\" srcset=\"https:\/\/creches-vic-andrest.com\/wp-content\/uploads\/2020\/11\/LPL_logo_intervenants_bleu-300x83.png 300w, https:\/\/creches-vic-andrest.com\/wp-content\/uploads\/2020\/11\/LPL_logo_intervenants_bleu-768x213.png 768w, https:\/\/creches-vic-andrest.com\/wp-content\/uploads\/2020\/11\/LPL_logo_intervenants_bleu-150x42.png 150w, https:\/\/creches-vic-andrest.com\/wp-content\/uploads\/2020\/11\/LPL_logo_intervenants_bleu.png 1000w\" sizes=\"auto, (max-width: 300px) 100vw, 300px\" \/><\/p>\n<p><img decoding=\"async\" class=\"aligncenter\" src=\"https:\/\/images.ladepeche.fr\/api\/v1\/images\/view\/63b8f2b52307ef3c9218e754\/large\/image.jpg?v=1\" \/><\/p>\n<p>Une comp\u00e9tence d\u00e9velopp\u00e9e sur le territoire par un maillage ou r\u00e9seau avec cr\u00e8che, micro-cr\u00e8ches ; des services propos\u00e9s par la cr\u00e8che des \u00ab\u00a0Petits Loups\u00a0\u00bb, \u00e0 Vic, avec le dispositif identifi\u00e9 \u00ab\u00a0Lieu d\u2019Accueil Enfants Parents\u00a0\u00bb ou LAEP inscrit dans une dynamique n\u00e9e il y a plus de deux d\u00e9cennies. Sous la banni\u00e8re \u00ab\u00a0Petits Loups en balade\u00a0\u00bb, une itin\u00e9rance territoriale pour l\u2019accueil d\u2019enfants de moins de 6 ans avec un parent ou adulte familier.<\/p>\n<p>L\u2019\u00e9quipe du dispositif ? Christel, Elodie, Karine. Le concret et le pratique ? Le LAEP c\u2019est un espace am\u00e9nag\u00e9 dans des b\u00e2timents mis \u00e0 disposition dans les communes accueillantes avec installation d\u2019un \u00e9quipement appropri\u00e9 (mobilier, jeux\u2026) ; c\u2019est bien entendu un mode relationnel autour de la bienveillance, de l\u2019accompagnement, d\u2019\u00e9changes informels entre familles, enfants et accueillantes. La part de la convivialit\u00e9 autour d\u2019un caf\u00e9 et de gourmandises pour les grands ainsi qu\u2019une \u00ab\u00a0carte\u00a0\u00bb adapt\u00e9e pour les petits donne aux \u00e9tapes des \u00ab\u00a0Petits Loups en balade\u00a0\u00bb un caract\u00e8re et une ambiance qui favorisent la socialisation et l\u2019\u00e9veil, dans un lieu de vie et d\u2019apprentissages partag\u00e9s. Qu\u2019il s\u2019agisse de nouveaux venus install\u00e9s en val d\u2019Adour, de nouveaux \u00ab\u00a0acc\u00e9dants\u00a0\u00bb au statut de papa et maman, de mamies ou nounous\u2026 avec BB\u2019s ou plus grands, Christel, Elodie, Karine sont \u00e0 l\u2019accueil, \u00e0 l\u2019\u00e9coute, \u00e0 l\u2019animation. Ainsi en cette rentr\u00e9e de la nouvelle ann\u00e9e, l\u2019\u00e9quipe avait-elle saisi le th\u00e8me de l\u2019Epiphanie, avec d\u00e9gustation de galettes et couronnements royaux au programme !<\/p>\n<p>* Itin\u00e9raires.\u00a0Une programmation hebdomadaire du mercredi sur le rythme semaines paires et impaires et des plages horaires matin\u00e9es et apr\u00e8s-midi, de 9 heures \u00e0 11 h 30 et de 14 h 45 \u00e0 17 h 15. Ouvert \u00e0 tous, gratuit et sans inscription. Semaines paires, \u00e0 Vic-en-Bigorre, le matin \u00e0 l\u2019\u00e9cole maternelle du Petit-Bois et l\u2019apr\u00e8s-midi \u00e0 Maubourguet sur la place centrale du march\u00e9. Les semaines impaires, c\u2019est au gymnase de Lafitole en matin\u00e9e, et l\u2019apr\u00e8s-midi, accueil \u00e0 la salle de motricit\u00e9 de l\u2019\u00e9cole de Rabastens. Plus d\u2019informations ? Pages informatiques Facebook ou t\u00e9l\u00e9phone au 06.<a href=\"http:\/\/31.41.17.96\/\" target=\"_blank\" rel=\"nofollow noopener noreferrer\">31.41.17.96<\/a>. Mail (<a href=\"mailto:lespetitsloups5@orange.fr\">lespetitsloups5@orange.fr<\/a>).<\/p>\n<p style=\"text-align: right;\"><span style=\"color: #000000;\"><em>Article et Cr\u00e9dit-photo : Josiane Pom\u00e8s LDM<\/em><\/span><\/p>\n","protected":false},"excerpt":{"rendered":"<p>Une comp\u00e9tence d\u00e9velopp\u00e9e sur le territoire par un maillage ou r\u00e9seau avec cr\u00e8che, micro-cr\u00e8ches ; des services propos\u00e9s par la cr\u00e8che des \u00ab\u00a0Petits Loups\u00a0\u00bb, \u00e0 Vic, avec le dispositif identifi\u00e9&#8230;<\/p>\n<p> <a class=\"continue-reading-link\" href=\"https:\/\/creches-vic-andrest.com\/index.php\/2023\/01\/11\/le-laep-dans-la-depeche-du-midi\/\"><span>LIRE LA SUITE<\/span><i class=\"crycon-right-dir\"><\/i><\/a> <\/p>\n","protected":false},"author":1,"featured_media":5375,"comment_status":"closed","ping_status":"closed","sticky":false,"template":"","format":"standard","meta":{"_jetpack_memberships_contains_paid_content":false,"footnotes":""},"categories":[12],"tags":[],"class_list":["post-5373","post","type-post","status-publish","format-standard","has-post-thumbnail","hentry","category-laep"],"jetpack_featured_media_url":"https:\/\/creches-vic-andrest.com\/wp-content\/uploads\/2023\/01\/Logo-DEPECHE.png","jetpack_sharing_enabled":true,"_links":{"self":[{"href":"https:\/\/creches-vic-andrest.com\/index.php\/wp-json\/wp\/v2\/posts\/5373","targetHints":{"allow":["GET"]}}],"collection":[{"href":"https:\/\/creches-vic-andrest.com\/index.php\/wp-json\/wp\/v2\/posts"}],"about":[{"href":"https:\/\/creches-vic-andrest.com\/index.php\/wp-json\/wp\/v2\/types\/post"}],"author":[{"embeddable":true,"href":"https:\/\/creches-vic-andrest.com\/index.php\/wp-json\/wp\/v2\/users\/1"}],"replies":[{"embeddable":true,"href":"https:\/\/creches-vic-andrest.com\/index.php\/wp-json\/wp\/v2\/comments?post=5373"}],"version-history":[{"count":2,"href":"https:\/\/creches-vic-andrest.com\/index.php\/wp-json\/wp\/v2\/posts\/5373\/revisions"}],"predecessor-version":[{"id":5376,"href":"https:\/\/creches-vic-andrest.com\/index.php\/wp-json\/wp\/v2\/posts\/5373\/revisions\/5376"}],"wp:featuredmedia":[{"embeddable":true,"href":"https:\/\/creches-vic-andrest.com\/index.php\/wp-json\/wp\/v2\/media\/5375"}],"wp:attachment":[{"href":"https:\/\/creches-vic-andrest.com\/index.php\/wp-json\/wp\/v2\/media?parent=5373"}],"wp:term":[{"taxonomy":"category","embeddable":true,"href":"https:\/\/creches-vic-andrest.com\/index.php\/wp-json\/wp\/v2\/categories?post=5373"},{"taxonomy":"post_tag","embeddable":true,"href":"https:\/\/creches-vic-andrest.com\/index.php\/wp-json\/wp\/v2\/tags?post=5373"}],"curies":[{"name":"wp","href":"https:\/\/api.w.org\/{rel}","templated":true}]}}