{"id":5387,"date":"2023-01-12T14:10:12","date_gmt":"2023-01-12T13:10:12","guid":{"rendered":"http:\/\/creches-vic-andrest.com\/?p=5387"},"modified":"2023-02-04T13:59:45","modified_gmt":"2023-02-04T12:59:45","slug":"les-petits-loups-en-balade-a-maubourguet","status":"publish","type":"post","link":"https:\/\/creches-vic-andrest.com\/index.php\/2023\/01\/12\/les-petits-loups-en-balade-a-maubourguet\/","title":{"rendered":"Les petits loups en balade \u00e0 Maubourguet"},"content":{"rendered":"<p><img loading=\"lazy\" decoding=\"async\" class=\"alignnone size-medium wp-image-439 aligncenter\" src=\"https:\/\/creches-vic-andrest.com\/wp-content\/uploads\/2020\/11\/LPL_logo_intervenants_bleu-300x83.png\" alt=\"\" width=\"300\" height=\"83\" srcset=\"https:\/\/creches-vic-andrest.com\/wp-content\/uploads\/2020\/11\/LPL_logo_intervenants_bleu-300x83.png 300w, https:\/\/creches-vic-andrest.com\/wp-content\/uploads\/2020\/11\/LPL_logo_intervenants_bleu-768x213.png 768w, https:\/\/creches-vic-andrest.com\/wp-content\/uploads\/2020\/11\/LPL_logo_intervenants_bleu-150x42.png 150w, https:\/\/creches-vic-andrest.com\/wp-content\/uploads\/2020\/11\/LPL_logo_intervenants_bleu.png 1000w\" sizes=\"auto, (max-width: 300px) 100vw, 300px\" \/><\/p>\n<p>Ce mercredi 11 janvier 2023, le LAEP ( Lieu d&rsquo;Accueil Enfant Parent) a pris place au 175 place de la lib\u00e9ration \u00e0 Maubourguet.<\/p>\n<p>Comme son nom l&rsquo;indique, le LAEP des petits loups, se balade. Apr\u00e8s Lafitole, Rabastens et Vic en Bigorre c&rsquo;est \u00e0 Maubourguet que les accueillantes ont pu rencontrer et retrouver les familles.<\/p>\n<p>Dans un cadre color\u00e9, qui est \u00e9galement un relais d&rsquo;assistante maternelle les autres jours, les enfants ainsi que les membres des familles ont pu d\u00e9couvrir de nouveaux locaux avec de nouvelles activit\u00e9s.<\/p>\n<p>L&rsquo;ensemble de l&rsquo;\u00e9quipe ainsi que l&rsquo;ADMR et la Communaut\u00e9 des Communes Adour Madiran, avait \u00e0 c\u0153ur de pouvoir reprendre des d\u00e9placements dans le nord de la CCAM, ceci afin de permettre aux familles plus \u00e9loign\u00e9es de profiter de ce que peut apporter le LAEP soit, partage, \u00e9coute, accompagnement&#8230;<\/p>\n<p>Pour rappel le LAEP se d\u00e9place les semaines impaires sur Lafitole de 9h \u00e0 11h30 et sur Rabastens de 14h45 \u00e0 17h15 et les semaines paires sur Vic en Bigorre de 9h \u00e0 11h30 et \u00e0 Maubourguet de 14h45 \u00e0 17h15.<\/p>\n<p>Merci aux participants d&rsquo;hier pour leur venue, nous avons d\u00e9j\u00e0 h\u00e2te de vous retrouver dans 15 jours.<\/p>\n<p>Elodie, Karine, Christel<\/p>\n<p><img loading=\"lazy\" decoding=\"async\" class=\"alignnone size-medium wp-image-5390\" src=\"https:\/\/creches-vic-andrest.com\/wp-content\/uploads\/2023\/01\/325087624_1225560568366139_3680815201279859666_n-300x225.jpg\" alt=\"\" width=\"300\" height=\"225\" srcset=\"https:\/\/creches-vic-andrest.com\/wp-content\/uploads\/2023\/01\/325087624_1225560568366139_3680815201279859666_n-300x225.jpg 300w, https:\/\/creches-vic-andrest.com\/wp-content\/uploads\/2023\/01\/325087624_1225560568366139_3680815201279859666_n-1024x768.jpg 1024w, https:\/\/creches-vic-andrest.com\/wp-content\/uploads\/2023\/01\/325087624_1225560568366139_3680815201279859666_n-768x576.jpg 768w, https:\/\/creches-vic-andrest.com\/wp-content\/uploads\/2023\/01\/325087624_1225560568366139_3680815201279859666_n-1536x1152.jpg 1536w, https:\/\/creches-vic-andrest.com\/wp-content\/uploads\/2023\/01\/325087624_1225560568366139_3680815201279859666_n-150x113.jpg 150w, https:\/\/creches-vic-andrest.com\/wp-content\/uploads\/2023\/01\/325087624_1225560568366139_3680815201279859666_n-160x120.jpg 160w, https:\/\/creches-vic-andrest.com\/wp-content\/uploads\/2023\/01\/325087624_1225560568366139_3680815201279859666_n.jpg 2048w\" sizes=\"auto, (max-width: 300px) 100vw, 300px\" \/> <img loading=\"lazy\" decoding=\"async\" class=\"alignnone size-medium wp-image-5391\" src=\"https:\/\/creches-vic-andrest.com\/wp-content\/uploads\/2023\/01\/325083770_863668551542518_1736314652125710861_n-300x225.jpg\" alt=\"\" width=\"300\" height=\"225\" srcset=\"https:\/\/creches-vic-andrest.com\/wp-content\/uploads\/2023\/01\/325083770_863668551542518_1736314652125710861_n-300x225.jpg 300w, https:\/\/creches-vic-andrest.com\/wp-content\/uploads\/2023\/01\/325083770_863668551542518_1736314652125710861_n-1024x768.jpg 1024w, https:\/\/creches-vic-andrest.com\/wp-content\/uploads\/2023\/01\/325083770_863668551542518_1736314652125710861_n-768x576.jpg 768w, https:\/\/creches-vic-andrest.com\/wp-content\/uploads\/2023\/01\/325083770_863668551542518_1736314652125710861_n-1536x1152.jpg 1536w, https:\/\/creches-vic-andrest.com\/wp-content\/uploads\/2023\/01\/325083770_863668551542518_1736314652125710861_n-150x113.jpg 150w, https:\/\/creches-vic-andrest.com\/wp-content\/uploads\/2023\/01\/325083770_863668551542518_1736314652125710861_n-160x120.jpg 160w, https:\/\/creches-vic-andrest.com\/wp-content\/uploads\/2023\/01\/325083770_863668551542518_1736314652125710861_n.jpg 2048w\" sizes=\"auto, (max-width: 300px) 100vw, 300px\" \/> <img loading=\"lazy\" decoding=\"async\" class=\"alignnone size-medium wp-image-5392\" src=\"https:\/\/creches-vic-andrest.com\/wp-content\/uploads\/2023\/01\/325048678_5902568523137360_4872134613824196713_n-300x225.jpg\" alt=\"\" width=\"300\" height=\"225\" srcset=\"https:\/\/creches-vic-andrest.com\/wp-content\/uploads\/2023\/01\/325048678_5902568523137360_4872134613824196713_n-300x225.jpg 300w, https:\/\/creches-vic-andrest.com\/wp-content\/uploads\/2023\/01\/325048678_5902568523137360_4872134613824196713_n-1024x768.jpg 1024w, https:\/\/creches-vic-andrest.com\/wp-content\/uploads\/2023\/01\/325048678_5902568523137360_4872134613824196713_n-768x576.jpg 768w, https:\/\/creches-vic-andrest.com\/wp-content\/uploads\/2023\/01\/325048678_5902568523137360_4872134613824196713_n-1536x1152.jpg 1536w, https:\/\/creches-vic-andrest.com\/wp-content\/uploads\/2023\/01\/325048678_5902568523137360_4872134613824196713_n-150x113.jpg 150w, https:\/\/creches-vic-andrest.com\/wp-content\/uploads\/2023\/01\/325048678_5902568523137360_4872134613824196713_n-160x120.jpg 160w, https:\/\/creches-vic-andrest.com\/wp-content\/uploads\/2023\/01\/325048678_5902568523137360_4872134613824196713_n.jpg 2048w\" sizes=\"auto, (max-width: 300px) 100vw, 300px\" \/><\/p>\n<p>&nbsp;<\/p>\n<p>&nbsp;<\/p>\n<p><img loading=\"lazy\" decoding=\"async\" class=\"alignnone size-medium wp-image-5388\" src=\"https:\/\/creches-vic-andrest.com\/wp-content\/uploads\/2023\/01\/324612638_3192506387562604_2766173040925800625_n-300x225.jpg\" alt=\"\" width=\"300\" height=\"225\" srcset=\"https:\/\/creches-vic-andrest.com\/wp-content\/uploads\/2023\/01\/324612638_3192506387562604_2766173040925800625_n-300x225.jpg 300w, https:\/\/creches-vic-andrest.com\/wp-content\/uploads\/2023\/01\/324612638_3192506387562604_2766173040925800625_n-1024x768.jpg 1024w, https:\/\/creches-vic-andrest.com\/wp-content\/uploads\/2023\/01\/324612638_3192506387562604_2766173040925800625_n-768x576.jpg 768w, https:\/\/creches-vic-andrest.com\/wp-content\/uploads\/2023\/01\/324612638_3192506387562604_2766173040925800625_n-1536x1152.jpg 1536w, https:\/\/creches-vic-andrest.com\/wp-content\/uploads\/2023\/01\/324612638_3192506387562604_2766173040925800625_n-150x113.jpg 150w, https:\/\/creches-vic-andrest.com\/wp-content\/uploads\/2023\/01\/324612638_3192506387562604_2766173040925800625_n-160x120.jpg 160w, https:\/\/creches-vic-andrest.com\/wp-content\/uploads\/2023\/01\/324612638_3192506387562604_2766173040925800625_n.jpg 2048w\" sizes=\"auto, (max-width: 300px) 100vw, 300px\" \/> \u00a0\u00a0 <img loading=\"lazy\" decoding=\"async\" class=\"alignnone size-medium wp-image-5389\" src=\"https:\/\/creches-vic-andrest.com\/wp-content\/uploads\/2023\/01\/321763601_548259813692549_6632217588432255228_n-300x225.jpg\" alt=\"\" width=\"300\" height=\"225\" srcset=\"https:\/\/creches-vic-andrest.com\/wp-content\/uploads\/2023\/01\/321763601_548259813692549_6632217588432255228_n-300x225.jpg 300w, https:\/\/creches-vic-andrest.com\/wp-content\/uploads\/2023\/01\/321763601_548259813692549_6632217588432255228_n-1024x768.jpg 1024w, https:\/\/creches-vic-andrest.com\/wp-content\/uploads\/2023\/01\/321763601_548259813692549_6632217588432255228_n-768x576.jpg 768w, https:\/\/creches-vic-andrest.com\/wp-content\/uploads\/2023\/01\/321763601_548259813692549_6632217588432255228_n-1536x1152.jpg 1536w, https:\/\/creches-vic-andrest.com\/wp-content\/uploads\/2023\/01\/321763601_548259813692549_6632217588432255228_n-150x113.jpg 150w, https:\/\/creches-vic-andrest.com\/wp-content\/uploads\/2023\/01\/321763601_548259813692549_6632217588432255228_n-160x120.jpg 160w, https:\/\/creches-vic-andrest.com\/wp-content\/uploads\/2023\/01\/321763601_548259813692549_6632217588432255228_n.jpg 2048w\" sizes=\"auto, (max-width: 300px) 100vw, 300px\" \/><\/p>\n","protected":false},"excerpt":{"rendered":"<p>Ce mercredi 11 janvier 2023, le LAEP ( Lieu d&rsquo;Accueil Enfant Parent) a pris place au 175 place de la lib\u00e9ration \u00e0 Maubourguet. Comme son nom l&rsquo;indique, le LAEP des&#8230;<\/p>\n<p> <a class=\"continue-reading-link\" href=\"https:\/\/creches-vic-andrest.com\/index.php\/2023\/01\/12\/les-petits-loups-en-balade-a-maubourguet\/\"><span>LIRE LA SUITE<\/span><i class=\"crycon-right-dir\"><\/i><\/a> <\/p>\n","protected":false},"author":2,"featured_media":5392,"comment_status":"closed","ping_status":"closed","sticky":false,"template":"","format":"standard","meta":{"_jetpack_memberships_contains_paid_content":false,"footnotes":""},"categories":[12],"tags":[],"class_list":["post-5387","post","type-post","status-publish","format-standard","has-post-thumbnail","hentry","category-laep"],"jetpack_featured_media_url":"https:\/\/creches-vic-andrest.com\/wp-content\/uploads\/2023\/01\/325048678_5902568523137360_4872134613824196713_n.jpg","jetpack_sharing_enabled":true,"_links":{"self":[{"href":"https:\/\/creches-vic-andrest.com\/index.php\/wp-json\/wp\/v2\/posts\/5387","targetHints":{"allow":["GET"]}}],"collection":[{"href":"https:\/\/creches-vic-andrest.com\/index.php\/wp-json\/wp\/v2\/posts"}],"about":[{"href":"https:\/\/creches-vic-andrest.com\/index.php\/wp-json\/wp\/v2\/types\/post"}],"author":[{"embeddable":true,"href":"https:\/\/creches-vic-andrest.com\/index.php\/wp-json\/wp\/v2\/users\/2"}],"replies":[{"embeddable":true,"href":"https:\/\/creches-vic-andrest.com\/index.php\/wp-json\/wp\/v2\/comments?post=5387"}],"version-history":[{"count":2,"href":"https:\/\/creches-vic-andrest.com\/index.php\/wp-json\/wp\/v2\/posts\/5387\/revisions"}],"predecessor-version":[{"id":5569,"href":"https:\/\/creches-vic-andrest.com\/index.php\/wp-json\/wp\/v2\/posts\/5387\/revisions\/5569"}],"wp:featuredmedia":[{"embeddable":true,"href":"https:\/\/creches-vic-andrest.com\/index.php\/wp-json\/wp\/v2\/media\/5392"}],"wp:attachment":[{"href":"https:\/\/creches-vic-andrest.com\/index.php\/wp-json\/wp\/v2\/media?parent=5387"}],"wp:term":[{"taxonomy":"category","embeddable":true,"href":"https:\/\/creches-vic-andrest.com\/index.php\/wp-json\/wp\/v2\/categories?post=5387"},{"taxonomy":"post_tag","embeddable":true,"href":"https:\/\/creches-vic-andrest.com\/index.php\/wp-json\/wp\/v2\/tags?post=5387"}],"curies":[{"name":"wp","href":"https:\/\/api.w.org\/{rel}","templated":true}]}}