{"id":5564,"date":"2023-02-04T13:56:13","date_gmt":"2023-02-04T12:56:13","guid":{"rendered":"http:\/\/creches-vic-andrest.com\/?p=5564"},"modified":"2023-02-15T18:00:58","modified_gmt":"2023-02-15T17:00:58","slug":"voeux-2023-admr","status":"publish","type":"post","link":"https:\/\/creches-vic-andrest.com\/index.php\/2023\/02\/04\/voeux-2023-admr\/","title":{"rendered":"V\u0153ux 2023 ADMR"},"content":{"rendered":"<p><a href=\"https:\/\/creches-vic-andrest.com\/wp-content\/uploads\/2023\/02\/Voeux-2023.jpg\"><img loading=\"lazy\" decoding=\"async\" class=\"aligncenter wp-image-5566\" src=\"https:\/\/creches-vic-andrest.com\/wp-content\/uploads\/2023\/02\/Voeux-2023-300x169.jpg\" alt=\"\" width=\"482\" height=\"272\" srcset=\"https:\/\/creches-vic-andrest.com\/wp-content\/uploads\/2023\/02\/Voeux-2023-300x169.jpg 300w, https:\/\/creches-vic-andrest.com\/wp-content\/uploads\/2023\/02\/Voeux-2023-768x434.jpg 768w, https:\/\/creches-vic-andrest.com\/wp-content\/uploads\/2023\/02\/Voeux-2023-150x85.jpg 150w, https:\/\/creches-vic-andrest.com\/wp-content\/uploads\/2023\/02\/Voeux-2023-212x120.jpg 212w, https:\/\/creches-vic-andrest.com\/wp-content\/uploads\/2023\/02\/Voeux-2023.jpg 885w\" sizes=\"auto, (max-width: 482px) 100vw, 482px\" \/><\/a><\/p>\n<p>Autour de la pr\u00e9sidente, Dani\u00e8le Poueymidanet, Claudette Gomez, Andr\u00e9e Darnaudet, Michel Busca, Francis Duran et\u00a0 Robert M\u00e9diamole administrateurs b\u00e9n\u00e9voles de l\u2019association inscrite dans l\u2019action sociale au plan national depuis 1945, en Hautes-Pyr\u00e9n\u00e9es depuis 1968 et \u00e0 Vic en 1980, ont aussi proc\u00e9d\u00e9 \u00e0 la remise de m\u00e9dailles et salu\u00e9 les retrait\u00e9es de l\u2019ann\u00e9e. Une pr\u00e9sidente qui apr\u00e8s les mots d\u2019introduction sans fioritures \u00ab\u00a0Je ne reviendrai pas sur les difficult\u00e9s de recrutement\u2026 le refus de dossiers ou la r\u00e9duction du nombre d\u2019heures par manque de personnel\u2026. Et par cons\u00e9quent une baisse d\u2019activit\u00e9\u2026\u00a0\u00bb voudra s\u2019inscrire dans du positif et donc les \u00ab\u00a0r\u00e9ussites de l\u2019ann\u00e9e 2022 et les perspectives 2023\u00a0\u00bb<\/p>\n<p>\u00c0 ce rang, le d\u00e9m\u00e9nagement de l\u2019association, toujours dans le m\u00eame b\u00e2timent du P\u00f4le des services publics intercommunal Adour-Madiran, de l\u2019\u00e9tage au rez-de-chauss\u00e9e ;<\/p>\n<p>\u00ab\u00a0un d\u00e9m\u00e9nagement qui s\u2019est bien pass\u00e9, merci aux services de la Communaut\u00e9 des Communes qui nous ont bien aid\u00e9s et aux secr\u00e9taires de l\u2019association qui ont r\u00e9ussi \u00e0 faire les cartons tout en continuant d\u2019assurer leurs services !\u00a0\u00bb.<\/p>\n<p>* L\u2019exigence de la qualit\u00e9 de service. Ainsi l\u2019ADMR Vic-Sud a \u00e9t\u00e9 certifi\u00e9e Afnor (standards et crit\u00e8res qui peuvent \u00eatre l\u00e9galement exig\u00e9s pour les entreprises, les administrations ou les associations) , Vic-Nord et Vic-Sud \u00e9tant engag\u00e9es dans la d\u00e9marche \u00ab\u00a0Qualit\u00e9 de vie au travail\u00a0\u00bb , QVT visant \u00e0 l\u2019am\u00e9lioration combin\u00e9e des conditions de travail, de la qualit\u00e9 de service et de la performance des organisations\u00a0\u00bb . Le constat de la baisse tr\u00e8s sensible de l\u2019absent\u00e9isme avec la d\u00e9marche QVT conforte les administrateurs de l\u2019ADMR dans leur action.<\/p>\n<p>*Quels v\u0153ux pour 2023 ?<\/p>\n<p>Tr\u00e8s nettement et hors v\u0153ux personnels, \u00ab\u00a0que l\u2019horizon perturb\u00e9 de nos assos s\u2019\u00e9claircisse enfin, qu\u2019on puisse \u00e0 nouveau recruter, qu\u2019on retrouve notre niveau d\u2019activit\u00e9 d\u2019avant covid, que des projets port\u00e9s par la F\u00e9d\u00e9ration voient enfin le jour dont la mise \u00e0 disposition d\u2019une flotte de v\u00e9hicules (projet en attente de solutions de financement\u2026)\u00a0\u00bb.<\/p>\n<p>Des administrateurs toujours en qu\u00eate de renforts b\u00e9n\u00e9voles, de salari\u00e9s pour les missions de l\u2019association, des administrateurs qui avant le passage de la d\u00e9gustation des galettes royales, de rochers pyr\u00e9n\u00e9ens ou g\u00e2teaux \u00e0 la broche, ont salu\u00e9 des engagements de 15, 20, 30, 35 ans au sein de l\u2019ADMR, et pour certaines, l\u2019acc\u00e8s \u00e0 la retraite.<\/p>\n<p style=\"text-align: center;\"><strong><span style=\"color: #ff6600;\">Article du 14 f\u00e9vrier 2023<\/span><\/strong><\/p>\n<p><img decoding=\"async\" class=\"aligncenter\" src=\"https:\/\/images.ladepeche.fr\/api\/v1\/images\/view\/63e9b96b663367643e01961c\/large\/image.jpg?v=1\" \/><\/p>\n<p>Une belle rencontre que celle qui r\u00e9unit b\u00e9n\u00e9voles et professionnels pour un moment festif avec la part de convivialit\u00e9, et la part des expressions de reconnaissance et hommages. Il en a \u00e9t\u00e9 ainsi r\u00e9cemment pour l\u2019Association d\u2019aide \u00e0 domicile en milieu rural (ADMR Vic-Nord et ADMR Vic-Sud depuis 2021) sous la pr\u00e9sidence de Dani\u00e8le Poueymidanet. Avec le rituel des changements d\u2019ann\u00e9es civiles, remise de marques de reconnaissances, fleurs, dipl\u00f4mes et m\u00e9dailles aux salari\u00e9es de tous services avec les diff\u00e9rentes affectations, missions, prestations, ainsi qu\u2019\u00e0 des b\u00e9n\u00e9voles administrateurs ou d\u00e9l\u00e9gu\u00e9s selon les statuts, et aux entrants dans le club des retrait\u00e9s.<\/p>\n<p>La Promotion des retrait\u00e9es ? Katia Cassina, Marie-Christine Bourguignon. Puis des salari\u00e9es en activit\u00e9 de 15 \u00e0 35 ans de parcours \u00e0 des postes et services diff\u00e9rents et donc m\u00e9daill\u00e9es. Martine Masonnave, tout comme Isabelle Bettoni depuis 15 ans, et Catherine Deruick depuis 35 ans de secr\u00e9tariat. Pour deux salari\u00e9es, Cindy Th\u00e9as et Marie Leclercq c\u2019est la barre des deux d\u00e9cennies, 20 ans de prestations et missions ; et jusqu\u2019\u00e0 30 ans, pour Martine et Lolly Collongues. Toutes coll\u00e8gues auxquelles Claudette Gomez, responsable b\u00e9n\u00e9vole, tr\u00e9sori\u00e8re adjointe apporte son engagement fid\u00e8le, et aussi Francis Duran (avec Lolly Collongues, absents sur la photo). Moments chaleureux partag\u00e9s entre administrateurs b\u00e9n\u00e9voles et salari\u00e9es d\u2019une association inscrite au r\u00e9pertoire de l\u2019action sociale depuis des d\u00e9cennies, toujours ouverte \u00e0 candidatures (salari\u00e9s et b\u00e9n\u00e9voles).<\/p>\n<p style=\"text-align: right;\"><span style=\"color: #333333;\"><em>Texte et photo : Josiane POMES &#8211; LDM<\/em><\/span><\/p>\n<p><img loading=\"lazy\" decoding=\"async\" class=\"alignnone size-medium wp-image-5375 aligncenter\" src=\"https:\/\/creches-vic-andrest.com\/wp-content\/uploads\/2023\/01\/Logo-DEPECHE-300x93.png\" alt=\"\" width=\"300\" height=\"93\" srcset=\"https:\/\/creches-vic-andrest.com\/wp-content\/uploads\/2023\/01\/Logo-DEPECHE-300x93.png 300w, https:\/\/creches-vic-andrest.com\/wp-content\/uploads\/2023\/01\/Logo-DEPECHE-150x47.png 150w, https:\/\/creches-vic-andrest.com\/wp-content\/uploads\/2023\/01\/Logo-DEPECHE-386x120.png 386w, https:\/\/creches-vic-andrest.com\/wp-content\/uploads\/2023\/01\/Logo-DEPECHE.png 431w\" sizes=\"auto, (max-width: 300px) 100vw, 300px\" \/><\/p>\n","protected":false},"excerpt":{"rendered":"<p>Autour de la pr\u00e9sidente, Dani\u00e8le Poueymidanet, Claudette Gomez, Andr\u00e9e Darnaudet, Michel Busca, Francis Duran et\u00a0 Robert M\u00e9diamole administrateurs b\u00e9n\u00e9voles de l\u2019association inscrite dans l\u2019action sociale au plan national depuis 1945,&#8230;<\/p>\n<p> <a class=\"continue-reading-link\" href=\"https:\/\/creches-vic-andrest.com\/index.php\/2023\/02\/04\/voeux-2023-admr\/\"><span>LIRE LA SUITE<\/span><i class=\"crycon-right-dir\"><\/i><\/a> <\/p>\n","protected":false},"author":1,"featured_media":0,"comment_status":"closed","ping_status":"closed","sticky":false,"template":"","format":"standard","meta":{"_jetpack_memberships_contains_paid_content":false,"footnotes":""},"categories":[13],"tags":[],"class_list":["post-5564","post","type-post","status-publish","format-standard","hentry","category-admr"],"jetpack_featured_media_url":"","jetpack_sharing_enabled":true,"_links":{"self":[{"href":"https:\/\/creches-vic-andrest.com\/index.php\/wp-json\/wp\/v2\/posts\/5564","targetHints":{"allow":["GET"]}}],"collection":[{"href":"https:\/\/creches-vic-andrest.com\/index.php\/wp-json\/wp\/v2\/posts"}],"about":[{"href":"https:\/\/creches-vic-andrest.com\/index.php\/wp-json\/wp\/v2\/types\/post"}],"author":[{"embeddable":true,"href":"https:\/\/creches-vic-andrest.com\/index.php\/wp-json\/wp\/v2\/users\/1"}],"replies":[{"embeddable":true,"href":"https:\/\/creches-vic-andrest.com\/index.php\/wp-json\/wp\/v2\/comments?post=5564"}],"version-history":[{"count":7,"href":"https:\/\/creches-vic-andrest.com\/index.php\/wp-json\/wp\/v2\/posts\/5564\/revisions"}],"predecessor-version":[{"id":5646,"href":"https:\/\/creches-vic-andrest.com\/index.php\/wp-json\/wp\/v2\/posts\/5564\/revisions\/5646"}],"wp:attachment":[{"href":"https:\/\/creches-vic-andrest.com\/index.php\/wp-json\/wp\/v2\/media?parent=5564"}],"wp:term":[{"taxonomy":"category","embeddable":true,"href":"https:\/\/creches-vic-andrest.com\/index.php\/wp-json\/wp\/v2\/categories?post=5564"},{"taxonomy":"post_tag","embeddable":true,"href":"https:\/\/creches-vic-andrest.com\/index.php\/wp-json\/wp\/v2\/tags?post=5564"}],"curies":[{"name":"wp","href":"https:\/\/api.w.org\/{rel}","templated":true}]}}