{"id":5913,"date":"2023-04-02T20:22:01","date_gmt":"2023-04-02T18:22:01","guid":{"rendered":"http:\/\/creches-vic-andrest.com\/?p=5913"},"modified":"2023-04-02T20:26:58","modified_gmt":"2023-04-02T18:26:58","slug":"les-travaux-de-la-creche-sachevent","status":"publish","type":"post","link":"https:\/\/creches-vic-andrest.com\/index.php\/2023\/04\/02\/les-travaux-de-la-creche-sachevent\/","title":{"rendered":"Les travaux de la cr\u00e8che s&rsquo;ach\u00e8vent"},"content":{"rendered":"<p><img loading=\"lazy\" decoding=\"async\" class=\"size-medium wp-image-438 aligncenter\" src=\"https:\/\/creches-vic-andrest.com\/wp-content\/uploads\/2020\/11\/LPL_logo_bleu-300x99.png\" alt=\"\" width=\"300\" height=\"99\" srcset=\"https:\/\/creches-vic-andrest.com\/wp-content\/uploads\/2020\/11\/LPL_logo_bleu-300x99.png 300w, https:\/\/creches-vic-andrest.com\/wp-content\/uploads\/2020\/11\/LPL_logo_bleu-768x253.png 768w, https:\/\/creches-vic-andrest.com\/wp-content\/uploads\/2020\/11\/LPL_logo_bleu-150x49.png 150w, https:\/\/creches-vic-andrest.com\/wp-content\/uploads\/2020\/11\/LPL_logo_bleu.png 1000w\" sizes=\"auto, (max-width: 300px) 100vw, 300px\" \/><\/p>\n<p>La Communaut\u00e9 de Communes Adour-Madiran (CCAM),\u00a0 12 ans apr\u00e8s la mise en service de la cr\u00e8che, a accept\u00e9 d&rsquo;am\u00e9liorer les installations aussi bien au niveau fonctionnel qu&rsquo;esth\u00e9tique et technique. A ce jour la premi\u00e8re phase est achev\u00e9e (ventilation, sols, peintures, \u00e9clairage, modification du hall d&rsquo;entr\u00e9e &#8230;). la deuxi\u00e8me phase se d\u00e9roulera durant les prochaines fermetures (modification du syst\u00e8me de chauffage et de climatisation).<\/p>\n<p><strong>Nous tenons d&rsquo;ores et d\u00e9j\u00e0 a remercier notamment\u00a0 :<\/strong><\/p>\n<ul>\n<li>le personnel de la cr\u00e8che pour avoir assum\u00e9 durant cette p\u00e9riode les cons\u00e9quences des travaux qui ont rendu plus contraignant le fonctionnement de l&rsquo;\u00e9tablissement,<\/li>\n<li>les parents pour leur compr\u00e9hension devant les contraintes li\u00e9es aux travaux,<\/li>\n<li>Les \u00e9lus de la CCAM qui ont vot\u00e9 pour le principe et le financement\u00a0 de cette r\u00e9novation,<\/li>\n<li>les services r\u00e9gie travaux de la CCAM qui a assur\u00e9 la conception et le suivi du chantier,\u00a0 le d\u00e9m\u00e9nagement et r\u00e9am\u00e9nagement des locaux, les peintures et divers travaux,<\/li>\n<li>les entreprises qui sont ou vont encore intervenir,<\/li>\n<li>la directrice de l&rsquo;Ecole maternelle du Petits-bois qui a accept\u00e9 d&rsquo;accueillir le LAEP dans ses locaux et le stockage du mat\u00e9riel de la cr\u00e8che durant les travaux,<\/li>\n<li>Le RAM Adour-Madiran qui a mis \u00e0 disposition son local vicquois,<\/li>\n<li><span style=\"font-family: Lato; text-align: right;\">sans oublier les enfants qui se sont assez naturellement adapt\u00e9s \u00e0 cette situation inhabituelle &#8230;.<\/span><\/li>\n<\/ul>\n<p style=\"text-align: right;\"><em>Robert MEDIAMOLE, <\/em><\/p>\n<p style=\"text-align: right;\"><em>tr\u00e9sorier de la cr\u00e8che et de l&rsquo;ADMR, <\/em><\/p>\n<p style=\"text-align: right;\"><em>ancien-vice pr\u00e9sident de la communaut\u00e9 de communes<\/em><\/p>\n<p>&nbsp;<\/p>\n","protected":false},"excerpt":{"rendered":"<p>La Communaut\u00e9 de Communes Adour-Madiran (CCAM),\u00a0 12 ans apr\u00e8s la mise en service de la cr\u00e8che, a accept\u00e9 d&rsquo;am\u00e9liorer les installations aussi bien au niveau fonctionnel qu&rsquo;esth\u00e9tique et technique. A&#8230;<\/p>\n<p> <a class=\"continue-reading-link\" href=\"https:\/\/creches-vic-andrest.com\/index.php\/2023\/04\/02\/les-travaux-de-la-creche-sachevent\/\"><span>LIRE LA SUITE<\/span><i class=\"crycon-right-dir\"><\/i><\/a> <\/p>\n","protected":false},"author":1,"featured_media":5258,"comment_status":"closed","ping_status":"closed","sticky":false,"template":"","format":"standard","meta":{"_jetpack_memberships_contains_paid_content":false,"footnotes":""},"categories":[10],"tags":[],"class_list":["post-5913","post","type-post","status-publish","format-standard","has-post-thumbnail","hentry","category-petits-loups"],"jetpack_featured_media_url":"https:\/\/creches-vic-andrest.com\/wp-content\/uploads\/2022\/12\/Travaux.png","jetpack_sharing_enabled":true,"_links":{"self":[{"href":"https:\/\/creches-vic-andrest.com\/index.php\/wp-json\/wp\/v2\/posts\/5913","targetHints":{"allow":["GET"]}}],"collection":[{"href":"https:\/\/creches-vic-andrest.com\/index.php\/wp-json\/wp\/v2\/posts"}],"about":[{"href":"https:\/\/creches-vic-andrest.com\/index.php\/wp-json\/wp\/v2\/types\/post"}],"author":[{"embeddable":true,"href":"https:\/\/creches-vic-andrest.com\/index.php\/wp-json\/wp\/v2\/users\/1"}],"replies":[{"embeddable":true,"href":"https:\/\/creches-vic-andrest.com\/index.php\/wp-json\/wp\/v2\/comments?post=5913"}],"version-history":[{"count":3,"href":"https:\/\/creches-vic-andrest.com\/index.php\/wp-json\/wp\/v2\/posts\/5913\/revisions"}],"predecessor-version":[{"id":5917,"href":"https:\/\/creches-vic-andrest.com\/index.php\/wp-json\/wp\/v2\/posts\/5913\/revisions\/5917"}],"wp:featuredmedia":[{"embeddable":true,"href":"https:\/\/creches-vic-andrest.com\/index.php\/wp-json\/wp\/v2\/media\/5258"}],"wp:attachment":[{"href":"https:\/\/creches-vic-andrest.com\/index.php\/wp-json\/wp\/v2\/media?parent=5913"}],"wp:term":[{"taxonomy":"category","embeddable":true,"href":"https:\/\/creches-vic-andrest.com\/index.php\/wp-json\/wp\/v2\/categories?post=5913"},{"taxonomy":"post_tag","embeddable":true,"href":"https:\/\/creches-vic-andrest.com\/index.php\/wp-json\/wp\/v2\/tags?post=5913"}],"curies":[{"name":"wp","href":"https:\/\/api.w.org\/{rel}","templated":true}]}}