{"id":6109,"date":"2023-04-18T14:16:08","date_gmt":"2023-04-18T12:16:08","guid":{"rendered":"http:\/\/creches-vic-andrest.com\/?p=6109"},"modified":"2023-04-18T14:16:08","modified_gmt":"2023-04-18T12:16:08","slug":"les-canalous-a-la-mediatheque","status":"publish","type":"post","link":"https:\/\/creches-vic-andrest.com\/index.php\/2023\/04\/18\/les-canalous-a-la-mediatheque\/","title":{"rendered":"Les Canalous \u00e0 la m\u00e9diath\u00e8que."},"content":{"rendered":"<p><span style=\"font-family: Lato;\"><img loading=\"lazy\" decoding=\"async\" class=\"alignnone size-medium wp-image-6112\" src=\"https:\/\/creches-vic-andrest.com\/wp-content\/uploads\/2023\/04\/IMG_20230418_141334-300x225.jpg\" alt=\"\" width=\"300\" height=\"225\" srcset=\"https:\/\/creches-vic-andrest.com\/wp-content\/uploads\/2023\/04\/IMG_20230418_141334-300x225.jpg 300w, https:\/\/creches-vic-andrest.com\/wp-content\/uploads\/2023\/04\/IMG_20230418_141334-1024x768.jpg 1024w, https:\/\/creches-vic-andrest.com\/wp-content\/uploads\/2023\/04\/IMG_20230418_141334-768x576.jpg 768w, https:\/\/creches-vic-andrest.com\/wp-content\/uploads\/2023\/04\/IMG_20230418_141334-1536x1152.jpg 1536w, https:\/\/creches-vic-andrest.com\/wp-content\/uploads\/2023\/04\/IMG_20230418_141334-150x113.jpg 150w, https:\/\/creches-vic-andrest.com\/wp-content\/uploads\/2023\/04\/IMG_20230418_141334-160x120.jpg 160w, https:\/\/creches-vic-andrest.com\/wp-content\/uploads\/2023\/04\/IMG_20230418_141334.jpg 1600w\" sizes=\"auto, (max-width: 300px) 100vw, 300px\" \/>Depuis la rentr\u00e9e de septembre 2022 nous avons mis en place un partenariat avec la m\u00e9diath\u00e8que d&rsquo;Andrest. Une conteuse, partage un moment de lecture et d\u2019histoires avec les enfants de la micro-cr\u00e8che les Canalous.\u00a0<\/span><\/p>\n<p>Nous nous d\u00e9pla\u00e7ons ainsi une fois par mois et nous renouvelons nos livres.<\/p>\n<p><img loading=\"lazy\" decoding=\"async\" class=\"alignnone size-medium wp-image-6110\" src=\"https:\/\/creches-vic-andrest.com\/wp-content\/uploads\/2023\/04\/IMG_20230415_151545-300x225.jpg\" alt=\"\" width=\"300\" height=\"225\" srcset=\"https:\/\/creches-vic-andrest.com\/wp-content\/uploads\/2023\/04\/IMG_20230415_151545-300x225.jpg 300w, https:\/\/creches-vic-andrest.com\/wp-content\/uploads\/2023\/04\/IMG_20230415_151545-1024x768.jpg 1024w, https:\/\/creches-vic-andrest.com\/wp-content\/uploads\/2023\/04\/IMG_20230415_151545-768x576.jpg 768w, https:\/\/creches-vic-andrest.com\/wp-content\/uploads\/2023\/04\/IMG_20230415_151545-1536x1152.jpg 1536w, https:\/\/creches-vic-andrest.com\/wp-content\/uploads\/2023\/04\/IMG_20230415_151545-2048x1536.jpg 2048w, https:\/\/creches-vic-andrest.com\/wp-content\/uploads\/2023\/04\/IMG_20230415_151545-150x113.jpg 150w, https:\/\/creches-vic-andrest.com\/wp-content\/uploads\/2023\/04\/IMG_20230415_151545-160x120.jpg 160w\" sizes=\"auto, (max-width: 300px) 100vw, 300px\" \/><\/p>\n","protected":false},"excerpt":{"rendered":"<p>Depuis la rentr\u00e9e de septembre 2022 nous avons mis en place un partenariat avec la m\u00e9diath\u00e8que d&rsquo;Andrest. Une conteuse, partage un moment de lecture et d\u2019histoires avec les enfants de&#8230;<\/p>\n<p> <a class=\"continue-reading-link\" href=\"https:\/\/creches-vic-andrest.com\/index.php\/2023\/04\/18\/les-canalous-a-la-mediatheque\/\"><span>LIRE LA SUITE<\/span><i class=\"crycon-right-dir\"><\/i><\/a> <\/p>\n","protected":false},"author":4,"featured_media":0,"comment_status":"closed","ping_status":"closed","sticky":false,"template":"","format":"standard","meta":{"_jetpack_memberships_contains_paid_content":false,"footnotes":""},"categories":[11],"tags":[],"class_list":["post-6109","post","type-post","status-publish","format-standard","hentry","category-canalous"],"jetpack_featured_media_url":"","jetpack_sharing_enabled":true,"_links":{"self":[{"href":"https:\/\/creches-vic-andrest.com\/index.php\/wp-json\/wp\/v2\/posts\/6109","targetHints":{"allow":["GET"]}}],"collection":[{"href":"https:\/\/creches-vic-andrest.com\/index.php\/wp-json\/wp\/v2\/posts"}],"about":[{"href":"https:\/\/creches-vic-andrest.com\/index.php\/wp-json\/wp\/v2\/types\/post"}],"author":[{"embeddable":true,"href":"https:\/\/creches-vic-andrest.com\/index.php\/wp-json\/wp\/v2\/users\/4"}],"replies":[{"embeddable":true,"href":"https:\/\/creches-vic-andrest.com\/index.php\/wp-json\/wp\/v2\/comments?post=6109"}],"version-history":[{"count":3,"href":"https:\/\/creches-vic-andrest.com\/index.php\/wp-json\/wp\/v2\/posts\/6109\/revisions"}],"predecessor-version":[{"id":6114,"href":"https:\/\/creches-vic-andrest.com\/index.php\/wp-json\/wp\/v2\/posts\/6109\/revisions\/6114"}],"wp:attachment":[{"href":"https:\/\/creches-vic-andrest.com\/index.php\/wp-json\/wp\/v2\/media?parent=6109"}],"wp:term":[{"taxonomy":"category","embeddable":true,"href":"https:\/\/creches-vic-andrest.com\/index.php\/wp-json\/wp\/v2\/categories?post=6109"},{"taxonomy":"post_tag","embeddable":true,"href":"https:\/\/creches-vic-andrest.com\/index.php\/wp-json\/wp\/v2\/tags?post=6109"}],"curies":[{"name":"wp","href":"https:\/\/api.w.org\/{rel}","templated":true}]}}