{"id":708,"date":"2020-12-16T12:40:06","date_gmt":"2020-12-16T11:40:06","guid":{"rendered":"http:\/\/creches-vic-andrest.com\/?p=708"},"modified":"2020-12-16T18:01:14","modified_gmt":"2020-12-16T17:01:14","slug":"protocole-sanitaire-covid","status":"publish","type":"post","link":"https:\/\/creches-vic-andrest.com\/index.php\/2020\/12\/16\/protocole-sanitaire-covid\/","title":{"rendered":"Protocole sanitaire Covid"},"content":{"rendered":"<p><strong><u>PROTOCOLE COVID 19<\/u><\/strong><\/p>\n<p><strong><u>Objectifs<\/u><\/strong><strong><u>\u00a0:<\/u><\/strong><\/p>\n<ul>\n<li>Garantir la s\u00e9curit\u00e9 des enfants, de leur famille et des professionnelles<\/li>\n<li>Limiter la transmission de la Covid 19<\/li>\n<\/ul>\n<p><strong><em><u>L\u2019ACCUEIL<\/u><\/em><\/strong><\/p>\n<p>L\u2019arriv\u00e9e devra avoir lieu entre 7h30 et 9h30 et le d\u00e9part \u00e0 partir de 15h30 (sauf horaires de contrats contraires)<\/p>\n<p>L\u2019accueil se passera comme \u00e0 son habitude dans chaque secteur. Toutefois il sera demand\u00e9 que les \u00a0familles rentrent une \u00e0 la fois et un seul parent sera autoris\u00e9 comme accompagnant.<\/p>\n<p>L\u2019attente devra se faire dans l\u2019atrium, en respectant la distance de s\u00e9curit\u00e9 de 1m.<\/p>\n<p><strong>Les parents auront \u00e0 disposition de la Solution Hydro Alcoolique \u00e0 l\u2019entr\u00e9e de la cr\u00e8che et devront obligatoirement porter un masque.<\/strong><\/p>\n<p><strong>Le passage dans le SAS d\u2019entr\u00e9e devra \u00e9galement se faire une famille \u00e0 la fois que ce soit au d\u00e9part ou \u00e0 l\u2019arriv\u00e9e.<\/strong><\/p>\n<p><strong>Il sera demand\u00e9 aux parents de prendre la temp\u00e9rature de leur enfant tous les matins avant de venir \u00e0 la cr\u00e8che. Une temp\u00e9rature \u00e9gale ou sup\u00e9rieur \u00e0 38\u00b0C emp\u00eachera tout accueil. <\/strong><\/p>\n<p>A l\u2019arriv\u00e9e de l\u2019enfant, le parent lui enl\u00e8vera chaussures et manteau qu\u2019il pourra mettre dans le casier ou sur le porte manteau attitraient \u00e0\u00a0 chaque enfant.<\/p>\n<p>Pour chaque enfant, un lavage des mains avec des lingettes sera obligatoire avant toute entr\u00e9e dans la cr\u00e8che.<\/p>\n<p>Lavage des mains qui aura \u00e9galement lieu au moment du d\u00e9part.<\/p>\n<p>&nbsp;<\/p>\n<p><strong><em><u>LES ENFANTS<\/u><\/em><\/strong><\/p>\n<p><strong>Il est important d\u2019expliquer aux enfants les changements au sein de la cr\u00e8che par les parents puis par les professionnelles afin de les rassurer. Cela dans le but qu\u2019ils puissent se familiariser petit \u00e0 petit.<\/strong> Ex\u00a0: jeu du cach\u00e9\/coucou\u2026<\/p>\n<p><strong>Notre but \u00e9tant d\u2019essayer au maximum de pr\u00e9server le quotidien des enfants en pr\u00e9servant leur insouciance, en \u00e9tant pr\u00e9sents pour les r\u00e9conforter et les accompagner comme \u00e0 notre habitude.<\/strong><\/p>\n<p>Les doudous et t\u00e9tines seront d\u00e9pos\u00e9s dans les casiers par le professionnel. Si possible merci de pr\u00e9voir des doubles qui resteront dans la structure.<\/p>\n<p>Le lavage des mains se fera r\u00e9guli\u00e8rement 1 par 1 \u00e0 l\u2019arriv\u00e9e et au d\u00e9part ainsi qu\u2019apr\u00e8s chaque activit\u00e9, avant et apr\u00e8s mang\u00e9, apr\u00e8s chaque change ou passage aux toilettes&#8230;<\/p>\n<p>Nous demanderons aux parents de changer les habits de leurs enfants de fa\u00e7on quotidienne et de faire parvenir une tenue compl\u00e8te qui restera dans la structure.<\/p>\n<p><em>\u00a0<\/em><\/p>\n<p><strong><em><u>EN CAS DE CAS CONTACT OU CAS POSITIF<\/u><\/em><\/strong><\/p>\n<ul>\n<li>En cas de cas positif, l\u2019enfant, sa famille et le professionnel ne sera accept\u00e9 \u00e0 la cr\u00e8che et devra rester en confinement pour une p\u00e9riode de minimum 7 jours \u00e0 partir du r\u00e9sultat.<\/li>\n<li>Les personnes reconnues comme cas contact devront \u00e9galement \u00eatre en confinement pour une p\u00e9riode de 7 jours.<\/li>\n<\/ul>\n<p>Pour les enfants cas contact ou positif emp\u00eachant l\u2019accueil \u00e0 la cr\u00e8che, il vous sera demand\u00e9 une attestation fournit par la s\u00e9curit\u00e9 sociale permettant la gratuit\u00e9 de ces journ\u00e9es d\u2019absence.<\/p>\n<p>Sans attestation, nous serons dans l\u2019obligation de vous les facturer.<\/p>\n<p>&nbsp;<\/p>\n<p><strong><em><u>LUTTE CONTRE LE COVID<\/u><\/em><\/strong><\/p>\n<ul>\n<li><u>QUOTIDIEN<\/u><\/li>\n<\/ul>\n<p>Les jeux et modules de motricit\u00e9 seront nettoy\u00e9s tous les jours.<\/p>\n<p>Les jeux libres et mat\u00e9riels faciles \u00e0 laver seront prioritaires.<\/p>\n<p>Les sorties dans le jardin seront maximis\u00e9es.<\/p>\n<p>A\u00e9ration des secteurs r\u00e9guli\u00e8rement pendant 15 minutes minimum.<\/p>\n<p>&nbsp;<\/p>\n<ul>\n<li><u>LES PROFESSIONNELLES<\/u><\/li>\n<\/ul>\n<p>Respect des gestes barri\u00e8res<\/p>\n<p>Port du masque grand public obligatoire tout au long de la journ\u00e9e<\/p>\n<p>Respect du protocole de lavage des mains<\/p>\n<p>Changement des tenues quotidiennes et lav\u00e9es \u00e0 60\u00b0C<\/p>\n<p>&nbsp;<\/p>\n<p>&nbsp;<\/p>\n<p>&nbsp;<\/p>\n<p>&nbsp;<\/p>\n<p>&nbsp;<\/p>\n","protected":false},"excerpt":{"rendered":"<p>PROTOCOLE COVID 19 Objectifs\u00a0: Garantir la s\u00e9curit\u00e9 des enfants, de leur famille et des professionnelles Limiter la transmission de la Covid 19 L\u2019ACCUEIL L\u2019arriv\u00e9e devra avoir lieu entre 7h30 et&#8230;<\/p>\n<p> <a class=\"continue-reading-link\" href=\"https:\/\/creches-vic-andrest.com\/index.php\/2020\/12\/16\/protocole-sanitaire-covid\/\"><span>LIRE LA SUITE<\/span><i class=\"crycon-right-dir\"><\/i><\/a> <\/p>\n","protected":false},"author":2,"featured_media":239,"comment_status":"closed","ping_status":"closed","sticky":false,"template":"","format":"standard","meta":{"_jetpack_memberships_contains_paid_content":false,"footnotes":""},"categories":[10],"tags":[],"class_list":["post-708","post","type-post","status-publish","format-standard","has-post-thumbnail","hentry","category-petits-loups"],"jetpack_featured_media_url":"https:\/\/creches-vic-andrest.com\/wp-content\/uploads\/2020\/10\/Covid.png","jetpack_sharing_enabled":true,"_links":{"self":[{"href":"https:\/\/creches-vic-andrest.com\/index.php\/wp-json\/wp\/v2\/posts\/708","targetHints":{"allow":["GET"]}}],"collection":[{"href":"https:\/\/creches-vic-andrest.com\/index.php\/wp-json\/wp\/v2\/posts"}],"about":[{"href":"https:\/\/creches-vic-andrest.com\/index.php\/wp-json\/wp\/v2\/types\/post"}],"author":[{"embeddable":true,"href":"https:\/\/creches-vic-andrest.com\/index.php\/wp-json\/wp\/v2\/users\/2"}],"replies":[{"embeddable":true,"href":"https:\/\/creches-vic-andrest.com\/index.php\/wp-json\/wp\/v2\/comments?post=708"}],"version-history":[{"count":1,"href":"https:\/\/creches-vic-andrest.com\/index.php\/wp-json\/wp\/v2\/posts\/708\/revisions"}],"predecessor-version":[{"id":710,"href":"https:\/\/creches-vic-andrest.com\/index.php\/wp-json\/wp\/v2\/posts\/708\/revisions\/710"}],"wp:featuredmedia":[{"embeddable":true,"href":"https:\/\/creches-vic-andrest.com\/index.php\/wp-json\/wp\/v2\/media\/239"}],"wp:attachment":[{"href":"https:\/\/creches-vic-andrest.com\/index.php\/wp-json\/wp\/v2\/media?parent=708"}],"wp:term":[{"taxonomy":"category","embeddable":true,"href":"https:\/\/creches-vic-andrest.com\/index.php\/wp-json\/wp\/v2\/categories?post=708"},{"taxonomy":"post_tag","embeddable":true,"href":"https:\/\/creches-vic-andrest.com\/index.php\/wp-json\/wp\/v2\/tags?post=708"}],"curies":[{"name":"wp","href":"https:\/\/api.w.org\/{rel}","templated":true}]}}