{"id":7932,"date":"2023-08-29T19:06:57","date_gmt":"2023-08-29T17:06:57","guid":{"rendered":"http:\/\/creches-vic-andrest.com\/?p=7932"},"modified":"2023-11-06T19:38:40","modified_gmt":"2023-11-06T18:38:40","slug":"menus-de-septembre-dans-nos-creches","status":"publish","type":"post","link":"https:\/\/creches-vic-andrest.com\/index.php\/2023\/08\/29\/menus-de-septembre-dans-nos-creches\/","title":{"rendered":"Menus d&rsquo;Octobre de nos cr\u00e8ches"},"content":{"rendered":"<p><img loading=\"lazy\" decoding=\"async\" class=\"alignnone wp-image-524\" src=\"https:\/\/creches-vic-andrest.com\/wp-content\/uploads\/2020\/12\/LPL_logo_rond_bleu-234x300.png\" alt=\"\" width=\"198\" height=\"254\" srcset=\"https:\/\/creches-vic-andrest.com\/wp-content\/uploads\/2020\/12\/LPL_logo_rond_bleu-234x300.png 234w, https:\/\/creches-vic-andrest.com\/wp-content\/uploads\/2020\/12\/LPL_logo_rond_bleu-800x1024.png 800w, https:\/\/creches-vic-andrest.com\/wp-content\/uploads\/2020\/12\/LPL_logo_rond_bleu-768x983.png 768w, https:\/\/creches-vic-andrest.com\/wp-content\/uploads\/2020\/12\/LPL_logo_rond_bleu-117x150.png 117w, https:\/\/creches-vic-andrest.com\/wp-content\/uploads\/2020\/12\/LPL_logo_rond_bleu.png 1000w\" sizes=\"auto, (max-width: 198px) 100vw, 198px\" \/><img loading=\"lazy\" decoding=\"async\" class=\"size-medium wp-image-807 alignright\" src=\"https:\/\/creches-vic-andrest.com\/wp-content\/uploads\/2021\/01\/Logo-jpgreduit-300x106.jpg\" alt=\"\" width=\"300\" height=\"106\" srcset=\"https:\/\/creches-vic-andrest.com\/wp-content\/uploads\/2021\/01\/Logo-jpgreduit-300x106.jpg 300w, https:\/\/creches-vic-andrest.com\/wp-content\/uploads\/2021\/01\/Logo-jpgreduit-150x53.jpg 150w, https:\/\/creches-vic-andrest.com\/wp-content\/uploads\/2021\/01\/Logo-jpgreduit-339x120.jpg 339w, https:\/\/creches-vic-andrest.com\/wp-content\/uploads\/2021\/01\/Logo-jpgreduit.jpg 421w\" sizes=\"auto, (max-width: 300px) 100vw, 300px\" \/><\/p>\n<p>Depuis le 28 ao\u00fbt et jusqu&rsquo;\u00e0\u00a0 la fin de l&rsquo;ann\u00e9e, les repas de la cr\u00e8che les Petits-Loups et de la micro-cr\u00e8che les Canalous sont fournis par la Communaut\u00e9 de communes de la Haute-Bigorre. Ils sont transport\u00e9s depuis Bagn\u00e8res de Bigorre par la Poste dans un v\u00e9hicule r\u00e9frig\u00e9r\u00e9. Ce service est g\u00e9r\u00e9 par la Communaut\u00e9 de communes Adour-Madiran en attente de la mise en place de repas en liaison chaude en d\u00e9but d&rsquo;ann\u00e9e 2024.<\/p>\n<h4 style=\"text-align: center;\"><strong><span style=\"color: #ff6600;\">Voici les menus :<\/span><\/strong><\/h4>\n<a href=\"https:\/\/creches-vic-andrest.com\/wp-content\/uploads\/2023\/10\/menus-creches-oct-2023.pdf\" class=\"pdfemb-viewer\" style=\"\" data-width=\"max\" data-height=\"max\" data-toolbar=\"bottom\" data-toolbar-fixed=\"off\">menus creches oct 2023<\/a>\n<p style=\"text-align: center;\"><span style=\"color: #ff6600;\"><a style=\"color: #ff6600;\" href=\"https:\/\/creches-vic-andrest.com\/wp-content\/uploads\/2023\/10\/menus-creches-oct-2023.pdf\" target=\"_blank\" rel=\"noopener noreferrer\"><span style=\"text-decoration: underline;\">T\u00e9l\u00e9charger ou imprimer le menus (2 pages)<\/span><\/a><\/span><\/p>\n<p style=\"text-align: center;\"><span style=\"color: #008000;\">A noter que ces m\u00eames menus sont propos\u00e9s dans l&rsquo;ensemble des cr\u00e8ches du Val d&rsquo;Adour<\/span><\/p>\n","protected":false},"excerpt":{"rendered":"<p>Depuis le 28 ao\u00fbt et jusqu&rsquo;\u00e0\u00a0 la fin de l&rsquo;ann\u00e9e, les repas de la cr\u00e8che les Petits-Loups et de la micro-cr\u00e8che les Canalous sont fournis par la Communaut\u00e9 de communes&#8230;<\/p>\n<p> <a class=\"continue-reading-link\" href=\"https:\/\/creches-vic-andrest.com\/index.php\/2023\/08\/29\/menus-de-septembre-dans-nos-creches\/\"><span>LIRE LA SUITE<\/span><i class=\"crycon-right-dir\"><\/i><\/a> <\/p>\n","protected":false},"author":1,"featured_media":0,"comment_status":"closed","ping_status":"closed","sticky":false,"template":"","format":"standard","meta":{"_jetpack_memberships_contains_paid_content":false,"footnotes":""},"categories":[10],"tags":[],"class_list":["post-7932","post","type-post","status-publish","format-standard","hentry","category-petits-loups"],"jetpack_featured_media_url":"","jetpack_sharing_enabled":true,"_links":{"self":[{"href":"https:\/\/creches-vic-andrest.com\/index.php\/wp-json\/wp\/v2\/posts\/7932","targetHints":{"allow":["GET"]}}],"collection":[{"href":"https:\/\/creches-vic-andrest.com\/index.php\/wp-json\/wp\/v2\/posts"}],"about":[{"href":"https:\/\/creches-vic-andrest.com\/index.php\/wp-json\/wp\/v2\/types\/post"}],"author":[{"embeddable":true,"href":"https:\/\/creches-vic-andrest.com\/index.php\/wp-json\/wp\/v2\/users\/1"}],"replies":[{"embeddable":true,"href":"https:\/\/creches-vic-andrest.com\/index.php\/wp-json\/wp\/v2\/comments?post=7932"}],"version-history":[{"count":7,"href":"https:\/\/creches-vic-andrest.com\/index.php\/wp-json\/wp\/v2\/posts\/7932\/revisions"}],"predecessor-version":[{"id":9341,"href":"https:\/\/creches-vic-andrest.com\/index.php\/wp-json\/wp\/v2\/posts\/7932\/revisions\/9341"}],"wp:attachment":[{"href":"https:\/\/creches-vic-andrest.com\/index.php\/wp-json\/wp\/v2\/media?parent=7932"}],"wp:term":[{"taxonomy":"category","embeddable":true,"href":"https:\/\/creches-vic-andrest.com\/index.php\/wp-json\/wp\/v2\/categories?post=7932"},{"taxonomy":"post_tag","embeddable":true,"href":"https:\/\/creches-vic-andrest.com\/index.php\/wp-json\/wp\/v2\/tags?post=7932"}],"curies":[{"name":"wp","href":"https:\/\/api.w.org\/{rel}","templated":true}]}}