{"id":959,"date":"2021-03-09T08:53:47","date_gmt":"2021-03-09T07:53:47","guid":{"rendered":"http:\/\/creches-vic-andrest.com\/?p=959"},"modified":"2021-03-09T08:55:02","modified_gmt":"2021-03-09T07:55:02","slug":"dans-la-depeche-du-midi-masques-et-maracas-de-petits-loups","status":"publish","type":"post","link":"https:\/\/creches-vic-andrest.com\/index.php\/2021\/03\/09\/dans-la-depeche-du-midi-masques-et-maracas-de-petits-loups\/","title":{"rendered":"Dans la D\u00e9p\u00eache du Midi : Masques et maracas de Petits Loups"},"content":{"rendered":"<div id=\"post-body-3430450150148460180\" class=\"post-body entry-content\">\n<div style=\"text-align: center;\">\n<p><a href=\"https:\/\/creches-vic-andrest.com\/wp-content\/uploads\/2020\/12\/LPL_logo_rond_bleu.png\"><img loading=\"lazy\" decoding=\"async\" class=\"alignnone wp-image-524 \" src=\"https:\/\/creches-vic-andrest.com\/wp-content\/uploads\/2020\/12\/LPL_logo_rond_bleu-234x300.png\" alt=\"\" width=\"146\" height=\"187\" srcset=\"https:\/\/creches-vic-andrest.com\/wp-content\/uploads\/2020\/12\/LPL_logo_rond_bleu-234x300.png 234w, https:\/\/creches-vic-andrest.com\/wp-content\/uploads\/2020\/12\/LPL_logo_rond_bleu-800x1024.png 800w, https:\/\/creches-vic-andrest.com\/wp-content\/uploads\/2020\/12\/LPL_logo_rond_bleu-768x983.png 768w, https:\/\/creches-vic-andrest.com\/wp-content\/uploads\/2020\/12\/LPL_logo_rond_bleu-117x150.png 117w, https:\/\/creches-vic-andrest.com\/wp-content\/uploads\/2020\/12\/LPL_logo_rond_bleu.png 1000w\" sizes=\"auto, (max-width: 146px) 100vw, 146px\" \/><\/a><\/p>\n<p><img decoding=\"async\" src=\"https:\/\/images.ladepeche.fr\/api\/v1\/images\/view\/6045a4113e45464a4b4ecc1a\/large\/image.jpg?v=1\" \/><\/p>\n<p style=\"text-align: justify;\">Un air de \u00ab\u00a0Sambadrome\u00a0\u00bb \u00e0 la cr\u00e8che des Petits Loups, 67 rue Fran\u00e7oise Dolto \u00e0 Vic, pour f\u00eater Carnaval. Pas d\u2019\u00e9coles de samba en comp\u00e9tition pour le d\u00e9fil\u00e9 mais bien trois petites meutes, les Louveteaux, les Loulous et les Loustiks, avec \u00e0 leur t\u00eate Emilie, Ma\u00ebva, Lindsay, Mayliss, Nicole, Martine, Annie, Elodie, pour la journ\u00e9e festive. L\u2019occasion d\u2019arborer une gamme de d\u00e9guisements puis\u00e9s dans les coffres familiaux, et d\u2019accessoires fabriqu\u00e9s en ateliers de cr\u00e9ativit\u00e9 tels les masques et les maracas. Une des premi\u00e8res f\u00eates de l\u2019ann\u00e9e 2021 inscrite au programme d\u2019activit\u00e9s qui malgr\u00e9 le contexte sanitaire sont propos\u00e9es aux enfants accueillis, dans le respect des pr\u00e9conisations.<\/p>\n<p style=\"text-align: justify;\">Pour m\u00e9moire, la gestion de la cr\u00e8che des Petits Loups \u00e0 Vic (comme celle des Canalous \u00e0 Andrest), sur le mode d\u00e9l\u00e9gation de service public, a \u00e9t\u00e9 confi\u00e9e par la communaut\u00e9 de communes Adour-Madiran qui exerce les comp\u00e9tences enfance et petite enfance, \u00e0 l\u2019Association d\u2019aide \u00e0 domicile en milieu rural, l\u2019ADMR de Vic \u00e9paul\u00e9e par la F\u00e9d\u00e9ration ADMR des Hautes-Pyr\u00e9n\u00e9es.<\/p>\n<footer class=\"txt-note\"><\/footer>\n<footer class=\"txt-note\"><span style=\"color: #003300;\">Merci \u00e0 Josiane Pom\u00e8s pour son article !<\/span><\/footer>\n<\/div>\n<div><\/div>\n<\/div>\n<div class=\"post-footer\"><\/div>\n","protected":false},"excerpt":{"rendered":"<p>Un air de \u00ab\u00a0Sambadrome\u00a0\u00bb \u00e0 la cr\u00e8che des Petits Loups, 67 rue Fran\u00e7oise Dolto \u00e0 Vic, pour f\u00eater Carnaval. Pas d\u2019\u00e9coles de samba en comp\u00e9tition pour le d\u00e9fil\u00e9 mais bien&#8230;<\/p>\n<p> <a class=\"continue-reading-link\" href=\"https:\/\/creches-vic-andrest.com\/index.php\/2021\/03\/09\/dans-la-depeche-du-midi-masques-et-maracas-de-petits-loups\/\"><span>LIRE LA SUITE<\/span><i class=\"crycon-right-dir\"><\/i><\/a> <\/p>\n","protected":false},"author":1,"featured_media":0,"comment_status":"closed","ping_status":"closed","sticky":false,"template":"","format":"standard","meta":{"_jetpack_memberships_contains_paid_content":false,"footnotes":""},"categories":[10],"tags":[],"class_list":["post-959","post","type-post","status-publish","format-standard","hentry","category-petits-loups"],"jetpack_featured_media_url":"","jetpack_sharing_enabled":true,"_links":{"self":[{"href":"https:\/\/creches-vic-andrest.com\/index.php\/wp-json\/wp\/v2\/posts\/959","targetHints":{"allow":["GET"]}}],"collection":[{"href":"https:\/\/creches-vic-andrest.com\/index.php\/wp-json\/wp\/v2\/posts"}],"about":[{"href":"https:\/\/creches-vic-andrest.com\/index.php\/wp-json\/wp\/v2\/types\/post"}],"author":[{"embeddable":true,"href":"https:\/\/creches-vic-andrest.com\/index.php\/wp-json\/wp\/v2\/users\/1"}],"replies":[{"embeddable":true,"href":"https:\/\/creches-vic-andrest.com\/index.php\/wp-json\/wp\/v2\/comments?post=959"}],"version-history":[{"count":2,"href":"https:\/\/creches-vic-andrest.com\/index.php\/wp-json\/wp\/v2\/posts\/959\/revisions"}],"predecessor-version":[{"id":961,"href":"https:\/\/creches-vic-andrest.com\/index.php\/wp-json\/wp\/v2\/posts\/959\/revisions\/961"}],"wp:attachment":[{"href":"https:\/\/creches-vic-andrest.com\/index.php\/wp-json\/wp\/v2\/media?parent=959"}],"wp:term":[{"taxonomy":"category","embeddable":true,"href":"https:\/\/creches-vic-andrest.com\/index.php\/wp-json\/wp\/v2\/categories?post=959"},{"taxonomy":"post_tag","embeddable":true,"href":"https:\/\/creches-vic-andrest.com\/index.php\/wp-json\/wp\/v2\/tags?post=959"}],"curies":[{"name":"wp","href":"https:\/\/api.w.org\/{rel}","templated":true}]}}